{"id":24589,"date":"2022-01-03T19:43:19","date_gmt":"2022-01-03T22:43:19","guid":{"rendered":"http:\/\/actualizateiguazu.com\/?p=24589"},"modified":"2022-01-03T19:43:19","modified_gmt":"2022-01-03T22:43:19","slug":"policias-reanimaron-a-un-nino-que-dejo-de-respirar","status":"publish","type":"post","link":"https:\/\/actualizateiguazu.com\/v3\/2022\/01\/03\/policias-reanimaron-a-un-nino-que-dejo-de-respirar\/","title":{"rendered":"Polic\u00edas reanimaron a un ni\u00f1o que dej\u00f3 de respirar"},"content":{"rendered":"\n<p>Ocurri\u00f3 en la capital provincial, este lunes cerca del mediod\u00eda, cuando efectivos de la Direcci\u00f3n Agrupaci\u00f3n Motorizada (D.A.M.) zona Oeste, en la chacra 151 de esta localidad, salvaron la vida de un ni\u00f1o de 2 a\u00f1os que hab\u00eda dejado de respirar.<\/p>\n\n\n\n<p>Los uniformados efectuaban recorridas de prevenci\u00f3n por la zona cuando fueron requeridos por unos vecinos quienes manifestaron que en la calle 159 y Acevedo hab\u00eda una mujer de 25 a\u00f1os desesperada con su hijo en brazos.<\/p>\n\n\n\n<p>Inmediatamente, los polic\u00edas arribaron al lugar y la madre indic\u00f3 que debido a la fiebre la criatura convulsion\u00f3, se ahog\u00f3 con su saliva y dej\u00f3 de respirar. En ese momento el Oficial Subayudante de la Polic\u00eda Mauro Maceira, lo acost\u00f3 al peque\u00f1o para iniciar masajes en el t\u00f3rax. Finalmente el menor comenz\u00f3 a expulsar l\u00edquido de su boca y volvi\u00f3 a respirar.<\/p>\n\n\n\n<p>El ni\u00f1o fue trasladado al Hospital Dr Favaloro en el veh\u00edculo de un vecino junto a su madre, escoltado por el Oficial Mauro Maceira y el Oficial Ayudante Mario Pineda. Una vez que llegaron a la guardia del nosocomio el ni\u00f1o se estabiliz\u00f3 y ahora se encuentra en su hogar, fuera de peligro.<\/p>\n","protected":false},"excerpt":{"rendered":"<p>Ocurri\u00f3 en la capital provincial, este lunes cerca del mediod\u00eda, cuando efectivos de la Direcci\u00f3n<\/p>\n","protected":false},"author":1,"featured_media":24590,"comment_status":"open","ping_status":"open","sticky":false,"template":"","format":"standard","meta":{"footnotes":""},"categories":[1,229],"tags":[],"class_list":["post-24589","post","type-post","status-publish","format-standard","has-post-thumbnail","hentry","category-actualidad","category-provinciales"],"_links":{"self":[{"href":"https:\/\/actualizateiguazu.com\/v3\/wp-json\/wp\/v2\/posts\/24589","targetHints":{"allow":["GET"]}}],"collection":[{"href":"https:\/\/actualizateiguazu.com\/v3\/wp-json\/wp\/v2\/posts"}],"about":[{"href":"https:\/\/actualizateiguazu.com\/v3\/wp-json\/wp\/v2\/types\/post"}],"author":[{"embeddable":true,"href":"https:\/\/actualizateiguazu.com\/v3\/wp-json\/wp\/v2\/users\/1"}],"replies":[{"embeddable":true,"href":"https:\/\/actualizateiguazu.com\/v3\/wp-json\/wp\/v2\/comments?post=24589"}],"version-history":[{"count":0,"href":"https:\/\/actualizateiguazu.com\/v3\/wp-json\/wp\/v2\/posts\/24589\/revisions"}],"wp:featuredmedia":[{"embeddable":true,"href":"https:\/\/actualizateiguazu.com\/v3\/wp-json\/"}],"wp:attachment":[{"href":"https:\/\/actualizateiguazu.com\/v3\/wp-json\/wp\/v2\/media?parent=24589"}],"wp:term":[{"taxonomy":"category","embeddable":true,"href":"https:\/\/actualizateiguazu.com\/v3\/wp-json\/wp\/v2\/categories?post=24589"},{"taxonomy":"post_tag","embeddable":true,"href":"https:\/\/actualizateiguazu.com\/v3\/wp-json\/wp\/v2\/tags?post=24589"}],"curies":[{"name":"wp","href":"https:\/\/api.w.org\/{rel}","templated":true}]}}