{"id":24608,"date":"2022-01-04T20:57:26","date_gmt":"2022-01-04T23:57:26","guid":{"rendered":"http:\/\/actualizateiguazu.com\/?p=24608"},"modified":"2022-01-04T20:57:26","modified_gmt":"2022-01-04T23:57:26","slug":"vuelve-el-festival-provincial-de-las-carpas-a-itacaruare","status":"publish","type":"post","link":"https:\/\/actualizateiguazu.com\/v3\/2022\/01\/04\/vuelve-el-festival-provincial-de-las-carpas-a-itacaruare\/","title":{"rendered":"Vuelve el Festival Provincial de las Carpas a Itacaruar\u00e9"},"content":{"rendered":"\n<p>Uno de los festivales m\u00e1s destacados del verano misionero volver\u00e1 a convocar a miles de turistas el pr\u00f3ximo 8 y 9 de enero en el balneario local, en su edici\u00f3n n\u00famero 29. El evento que convoca a miles de turistas a\u00f1o tras a\u00f1o, vuelve a la agenda tur\u00edstica misionera.<\/p>\n\n\n\n<p>Los amantes de la naturaleza y la aventura podr\u00e1n volver a vivir esta experiencia, en dos jornadas de pleno disfrute de actividades deportivas, m\u00fasica en vivo de la mano de artistas de reconocida trayectoria en la provincia, y mucho m\u00e1s.<\/p>\n\n\n\n<p>Cabe destacar que el predio del balneario Itacaruar\u00e9 ha sido puesto en valor con obras de mejoramiento en infraestructura para garantizar la seguridad sanitaria y la comodidad de los visitantes. \u00abHemos trabajado en la puesta en valor del balneario municipal para mejorar el servicio a los turistas\u00bb, destac\u00f3 el ministro de Turismo, Jos\u00e9 Mar\u00eda Arr\u00faa, durante la conferencia de presentaci\u00f3n.<\/p>\n\n\n\n<p>Respecto a los controles sanitarios, remarc\u00f3 que se va a solicitar el pase sanitario -comprobante de vacunaci\u00f3n contra covid19- en el ingreso al predio.<\/p>\n\n\n\n<p>Ser\u00e1 requisito obligatorio tener el esquema de vacunaci\u00f3n completo contra el coronavirus, aplicado al menos catorce d\u00edas antes de la asistencia al lugar. La acreditaci\u00f3n del pase para el ingreso y permanencia de personas mayores de 13 a\u00f1os se realizar\u00e1 a trav\u00e9s de la exhibici\u00f3n del carnet sanitario f\u00edsico o por medio de la aplicaci\u00f3n Alegra Med Misiones.<\/p>\n\n\n\n<p>De la misma manera, el intendente de Itacaruar\u00e9, Jos\u00e9 Alvez, agreg\u00f3 que \u00abestamos trabajando de manera conjunta con salud p\u00fablica para ajustar los detalles de protocolo y garantizar seguridad a los participantes\u00bb.<\/p>\n\n\n\n<p>La fiesta de apertura del festival ser\u00e1 el d\u00eda s\u00e1bado, con la elecci\u00f3n y coronaci\u00f3n de la Reina de las Carpas, y varios conjuntos de m\u00fasica en vivo, entre los que se destacan Fabi\u00e1n Meza, Los Mit\u00e1, Caballeros del Tarag\u00fc\u00ed, Bacana, Cristian Wagner y Banda La Ruta, Doble 5, Dj Seba Sona, entre otros.<\/p>\n\n\n\n<p>El organizador del evento, Daniel Tymczyszyn, coment\u00f3 que habr\u00e1 servicio de cantina, restaurante, locales de comida r\u00e1pida, mercado, fruter\u00eda, asistencia m\u00e9dica las 24 horas; y la seguridad estar\u00e1 a cargo de la Polic\u00eda de Misiones. \u00abTodo para que el turista que viene a participar del festival encuentre todo lo que necesita para su comodidad dentro del predio\u201d, concluy\u00f3.<\/p>\n\n\n\n<p>Las entradas anticipadas ya se encuentran en venta, a un valor de $700 por los dos d\u00edas. Ese valor incluye el acceso al predio, el derecho a la instalaci\u00f3n de la carpa y el uso de las instalaciones en general. Mientras que quienes compren la entrada en el predio, abonar\u00e1n $900 por los dos d\u00edas o $500 por d\u00eda.<\/p>\n","protected":false},"excerpt":{"rendered":"<p>Uno de los festivales m\u00e1s destacados del verano misionero volver\u00e1 a convocar a miles de<\/p>\n","protected":false},"author":1,"featured_media":24609,"comment_status":"open","ping_status":"open","sticky":false,"template":"","format":"standard","meta":{"footnotes":""},"categories":[1,229],"tags":[],"class_list":["post-24608","post","type-post","status-publish","format-standard","has-post-thumbnail","hentry","category-actualidad","category-provinciales"],"_links":{"self":[{"href":"https:\/\/actualizateiguazu.com\/v3\/wp-json\/wp\/v2\/posts\/24608","targetHints":{"allow":["GET"]}}],"collection":[{"href":"https:\/\/actualizateiguazu.com\/v3\/wp-json\/wp\/v2\/posts"}],"about":[{"href":"https:\/\/actualizateiguazu.com\/v3\/wp-json\/wp\/v2\/types\/post"}],"author":[{"embeddable":true,"href":"https:\/\/actualizateiguazu.com\/v3\/wp-json\/wp\/v2\/users\/1"}],"replies":[{"embeddable":true,"href":"https:\/\/actualizateiguazu.com\/v3\/wp-json\/wp\/v2\/comments?post=24608"}],"version-history":[{"count":0,"href":"https:\/\/actualizateiguazu.com\/v3\/wp-json\/wp\/v2\/posts\/24608\/revisions"}],"wp:featuredmedia":[{"embeddable":true,"href":"https:\/\/actualizateiguazu.com\/v3\/wp-json\/"}],"wp:attachment":[{"href":"https:\/\/actualizateiguazu.com\/v3\/wp-json\/wp\/v2\/media?parent=24608"}],"wp:term":[{"taxonomy":"category","embeddable":true,"href":"https:\/\/actualizateiguazu.com\/v3\/wp-json\/wp\/v2\/categories?post=24608"},{"taxonomy":"post_tag","embeddable":true,"href":"https:\/\/actualizateiguazu.com\/v3\/wp-json\/wp\/v2\/tags?post=24608"}],"curies":[{"name":"wp","href":"https:\/\/api.w.org\/{rel}","templated":true}]}}