{"id":24644,"date":"2022-01-06T16:42:39","date_gmt":"2022-01-06T19:42:39","guid":{"rendered":"http:\/\/actualizateiguazu.com\/?p=24644"},"modified":"2022-01-06T16:42:39","modified_gmt":"2022-01-06T19:42:39","slug":"que-debemos-hacer-si-somos-contacto-estrecho-de-un-positivo","status":"publish","type":"post","link":"https:\/\/actualizateiguazu.com\/v3\/2022\/01\/06\/que-debemos-hacer-si-somos-contacto-estrecho-de-un-positivo\/","title":{"rendered":"\u00bfQu\u00e9 debemos hacer si somos contacto estrecho de un positivo?"},"content":{"rendered":"\n<p>Ayer en la reuni\u00f3n del Consejo Federal de Salud (COFESA) todos los ministros de Salud del pa\u00eds analizaron la actual situaci\u00f3n epidemiol\u00f3gica de incremento en el n\u00famero de casos de COVID-19, plan de vacunaci\u00f3n y modificar la l\u00f3gica de testeos ante la aglomeraci\u00f3n de personas que se registran en los centros de testeos.&nbsp;<\/p>\n\n\n\n<p>En ese sentido, <strong>se precis\u00f3 que si la persona (menor de 60 a\u00f1os) tiene s\u00edntomas compatibles con COVID-19 y tuvo contacto estrecho con un caso positivo no es estrictamente necesario realizar un test para confirmar el diagn\u00f3stico, ya que, ante tan elevada circulaci\u00f3n viral, la confirmaci\u00f3n puede establecerse por nexo cl\u00ednico y epidemiol\u00f3gico<\/strong>.<\/p>\n\n\n\n<p><strong>En el caso de que la persona haya tenido un contacto estrecho con un caso confirmado, pero no presente s\u00edntomas deber\u00e1 realizar el aislamiento correspondiente pero no est\u00e1 indicado el testeo<\/strong>. \u201cDebe aislarse y avisar a las personas con las que tuvo contacto, desde 48 horas previas al inicio de los s\u00edntomas, que tambi\u00e9n deben aislarse. En caso de presentar dificultad respiratoria o los s\u00edntomas empeoran, deben consultar r\u00e1pidamente al m\u00e9dico\u201d, explic\u00f3 el ministro de Salud P\u00fablica, Dr. Oscar Alarc\u00f3n.\u00a0<\/p>\n\n\n\n<p>En el caso de ser contacto<strong> <\/strong>estrecho de un caso confirmado de COVID 19 y no presenta s\u00edntomas (asintom\u00e1tico), si son menores de 60 a\u00f1os con esquema de vacunaci\u00f3n completa (menos de 5 meses de completar el esquema o aplicada la dosis de refuerzo), \u201c<strong>debe aislarse 5 d\u00edas y luego los 5 d\u00edas restantes puede salir manteniendo cuidados como uso adecuado de barbijo, no concurrir a eventos masivos o sociales. En este tipo de casos no est\u00e1 indicado el testeo\u201d, <\/strong>agreg\u00f3.\u00a0<\/p>\n\n\n\n<p>Para el caso de aquellas personas menores de 60 a\u00f1os asintom\u00e1ticas sin vacunas o esquema incompleto, el aislamiento \u201c<strong>es de 10 d\u00edas y en este tipo de casos no est\u00e1 indicado el testeo<\/strong>\u201d.\u00a0<\/p>\n\n\n\n<p>Es importante que se tenga en cuenta las medidas de aislamiento y con ello no solo se evitar\u00e1 aglomeraciones en los centros de testeos, sino que se reducir\u00e1 la trasmisi\u00f3n del virus.&nbsp;<\/p>\n\n\n\n<p><strong>Alarc\u00f3n aclar\u00f3 que en el caso de las personas mayores de 60 a\u00f1os este recomendado hisopar<\/strong>.<\/p>\n","protected":false},"excerpt":{"rendered":"<p>Ayer en la reuni\u00f3n del Consejo Federal de Salud (COFESA) todos los ministros de Salud<\/p>\n","protected":false},"author":1,"featured_media":24645,"comment_status":"open","ping_status":"open","sticky":false,"template":"","format":"standard","meta":{"footnotes":""},"categories":[1,226],"tags":[],"class_list":["post-24644","post","type-post","status-publish","format-standard","has-post-thumbnail","hentry","category-actualidad","category-locales"],"_links":{"self":[{"href":"https:\/\/actualizateiguazu.com\/v3\/wp-json\/wp\/v2\/posts\/24644","targetHints":{"allow":["GET"]}}],"collection":[{"href":"https:\/\/actualizateiguazu.com\/v3\/wp-json\/wp\/v2\/posts"}],"about":[{"href":"https:\/\/actualizateiguazu.com\/v3\/wp-json\/wp\/v2\/types\/post"}],"author":[{"embeddable":true,"href":"https:\/\/actualizateiguazu.com\/v3\/wp-json\/wp\/v2\/users\/1"}],"replies":[{"embeddable":true,"href":"https:\/\/actualizateiguazu.com\/v3\/wp-json\/wp\/v2\/comments?post=24644"}],"version-history":[{"count":0,"href":"https:\/\/actualizateiguazu.com\/v3\/wp-json\/wp\/v2\/posts\/24644\/revisions"}],"wp:featuredmedia":[{"embeddable":true,"href":"https:\/\/actualizateiguazu.com\/v3\/wp-json\/"}],"wp:attachment":[{"href":"https:\/\/actualizateiguazu.com\/v3\/wp-json\/wp\/v2\/media?parent=24644"}],"wp:term":[{"taxonomy":"category","embeddable":true,"href":"https:\/\/actualizateiguazu.com\/v3\/wp-json\/wp\/v2\/categories?post=24644"},{"taxonomy":"post_tag","embeddable":true,"href":"https:\/\/actualizateiguazu.com\/v3\/wp-json\/wp\/v2\/tags?post=24644"}],"curies":[{"name":"wp","href":"https:\/\/api.w.org\/{rel}","templated":true}]}}