{"id":24784,"date":"2022-01-11T19:25:39","date_gmt":"2022-01-11T22:25:39","guid":{"rendered":"http:\/\/actualizateiguazu.com\/?p=24784"},"modified":"2022-01-11T19:25:39","modified_gmt":"2022-01-11T22:25:39","slug":"quienes-estan-exceptuados-del-aislamiento-por-contacto-estrecho","status":"publish","type":"post","link":"https:\/\/actualizateiguazu.com\/v3\/2022\/01\/11\/quienes-estan-exceptuados-del-aislamiento-por-contacto-estrecho\/","title":{"rendered":"\u00bfQui\u00e9nes est\u00e1n exceptuados del aislamiento por contacto estrecho?"},"content":{"rendered":"\n<p>El Comit\u00e9 Cient\u00edfico de la Vice gobernaci\u00f3n emiti\u00f3 un comunicado donde explica las modificaciones respecto al aislamiento obligatorio para contactos estrechos por Covid-19. Estas modificaciones estar\u00e1n vigentes para contactos estrechos sin s\u00edntomas. El documento detalla que quedar\u00e1n exceptuadas aquellas personas que cuenten con tres dosis de la vacuna o dosis de refuerzo.<\/p>\n\n\n\n<p>E<strong>l contacto estrecho con un caso positivo de COVID-19 que tengan dosis de refuerzo con m\u00e1s de 14 d\u00edas de su aplicaci\u00f3n y que se encuentren asintom\u00e1ticos, en \u00e1mbitos donde se pueda mantener las medidas de bioseguridad, uso de barbijos, ventilaci\u00f3n cruzada adecuada, podr\u00e1n regresar a sus actividades laborales debiendo cumplir<\/strong><\/p>\n\n\n\n<p>1) Cuidados de manera estricta (uso adecuado de barbijos, ambientes ventilados, otros)<\/p>\n\n\n\n<p>2) No podr\u00e1n concurrir a eventos sociales o masivos<\/p>\n\n\n\n<p>3) deber\u00e1n comprometerse a auto monitoreo de s\u00edntomas de forma diaria, Cefalea, dolor de garganta, cansancio, tos, fiebre y perdida del olfato, otros Contacto estrecho con dos dosis de vacunas<\/p>\n\n\n\n<p>4) La aplicaci\u00f3n CUIDAR permanecer\u00e1 bloqueada 10 d\u00edas<\/p>\n\n\n\n<p><strong>En el caso de las personas con la segunda dosis aplicada dentro de los cinco meses o que padecieron la enfermedad de COVID-19 en los \u00faltimos noventa d\u00edas<\/strong>, se podr\u00e1 evaluar en aquel personal definido como estrat\u00e9gico por la jurisdicci\u00f3n, disminuir el aislamiento estricto para los contactos estrechos asintom\u00e1ticos debiendo cumplir<\/p>\n\n\n\n<p>1 test diagn\u00f3stico al d\u00eda 3 y 5 (esta medida es opcional. Usar test de ant\u00edgenos)<\/p>\n\n\n\n<p>2) Cuidados de manera Estricta (uso adecuado de barbijos ambientes ventilados, otros) 2) No concurrir a eventos sociales o masivos<\/p>\n","protected":false},"excerpt":{"rendered":"<p>El Comit\u00e9 Cient\u00edfico de la Vice gobernaci\u00f3n emiti\u00f3 un comunicado donde explica las modificaciones respecto<\/p>\n","protected":false},"author":1,"featured_media":24785,"comment_status":"open","ping_status":"open","sticky":false,"template":"","format":"standard","meta":{"footnotes":""},"categories":[1,229],"tags":[],"class_list":["post-24784","post","type-post","status-publish","format-standard","has-post-thumbnail","hentry","category-actualidad","category-provinciales"],"_links":{"self":[{"href":"https:\/\/actualizateiguazu.com\/v3\/wp-json\/wp\/v2\/posts\/24784","targetHints":{"allow":["GET"]}}],"collection":[{"href":"https:\/\/actualizateiguazu.com\/v3\/wp-json\/wp\/v2\/posts"}],"about":[{"href":"https:\/\/actualizateiguazu.com\/v3\/wp-json\/wp\/v2\/types\/post"}],"author":[{"embeddable":true,"href":"https:\/\/actualizateiguazu.com\/v3\/wp-json\/wp\/v2\/users\/1"}],"replies":[{"embeddable":true,"href":"https:\/\/actualizateiguazu.com\/v3\/wp-json\/wp\/v2\/comments?post=24784"}],"version-history":[{"count":0,"href":"https:\/\/actualizateiguazu.com\/v3\/wp-json\/wp\/v2\/posts\/24784\/revisions"}],"wp:featuredmedia":[{"embeddable":true,"href":"https:\/\/actualizateiguazu.com\/v3\/wp-json\/"}],"wp:attachment":[{"href":"https:\/\/actualizateiguazu.com\/v3\/wp-json\/wp\/v2\/media?parent=24784"}],"wp:term":[{"taxonomy":"category","embeddable":true,"href":"https:\/\/actualizateiguazu.com\/v3\/wp-json\/wp\/v2\/categories?post=24784"},{"taxonomy":"post_tag","embeddable":true,"href":"https:\/\/actualizateiguazu.com\/v3\/wp-json\/wp\/v2\/tags?post=24784"}],"curies":[{"name":"wp","href":"https:\/\/api.w.org\/{rel}","templated":true}]}}