{"id":24883,"date":"2022-01-16T11:58:10","date_gmt":"2022-01-16T14:58:10","guid":{"rendered":"http:\/\/actualizateiguazu.com\/?p=24883"},"modified":"2022-01-16T11:58:10","modified_gmt":"2022-01-16T14:58:10","slug":"no-pido-que-me-acepten-solo-pido-respeto-y-que-no-me-juzguen","status":"publish","type":"post","link":"https:\/\/actualizateiguazu.com\/v3\/2022\/01\/16\/no-pido-que-me-acepten-solo-pido-respeto-y-que-no-me-juzguen\/","title":{"rendered":"\u201cNo pido que me acepten, solo pido respeto y que no me juzguen\u201d"},"content":{"rendered":"\n<p>A veces lo \u00fanico que se necesita para vivir en paz es el respeto, generalmente es lo que falta que sienten las personas transg\u00e9nero vienen de todos los \u00e1mbitos de la vida, la discriminaci\u00f3n golpea al m\u00e1s d\u00e9bil y provoca heridas que no pueden sanar mientras&nbsp;no sientan que son respetadas como personas m\u00e1s all\u00e1 del g\u00e9nero o se du elecci\u00f3n sexual. <\/p>\n\n\n\n<p><strong>Alejandra Christ tiene 18 a\u00f1os y desde muy peque\u00f1a sent\u00eda que ser mujer era lo que la identificaba, a los 13 a\u00f1os a trav\u00e9s del internet mirando videos de la historia de Cristina La Veneno, entendi\u00f3 que hab\u00eda nacido hombre pero que internamente se sent\u00eda como mujer<\/strong>, le llevo un tiempo entender el proceso de pasar a ser una mujer trans pero hoy no permite que nadie la haga sentir menos por su g\u00e9nero.<\/p>\n\n\n\n<p>La palabra \u201ctransg\u00e9nero\u201d o trans es un t\u00e9rmino general para las personas cuya identidad de g\u00e9nero se diferencia de su sexo asignado al nacer. <strong>Aunque que la palabra y nuestra moderna definici\u00f3n de la misma entr\u00f3 en uso a finales del siglo XX, las personas que se definen como tal han existido en todas las culturas a lo largo de la historia y han enfrentado mayores dificultades de las que se enfrentan las personas trans actualment<\/strong>e.<\/p>\n\n\n\n<p>\u201c<strong>Yo de chiquita, me vest\u00eda con la ropa de mi hermana, me maquillaba e incluso mi hermana me disfrazaba y se re\u00eda con sus amigas. En mi inocencia no sent\u00eda que se burlaban de m\u00ed porque yo me sent\u00eda bien vestida como mujer y maquillada. Desde el jard\u00edn de infantes siempre estuve con las mujeres no me sent\u00eda bien con los varones, pero no entend\u00eda que era lo que suced\u00eda hasta los 13 a\u00f1o<\/strong>s\u201d cont\u00f3 Ale Christ en dialogo con este medio.<\/p>\n\n\n\n<p>La joven que este a\u00f1o cursara el \u00faltimo a\u00f1o de la escuela secundaria y pretende estudiar profesorado se siente bendecida por haber nacido en una \u00e9poca donde es menos complicado ser trans. \u201cYo escucho la experiencia de los integrantes de la comunidad transa de Iguaz\u00fa y sinceramente agradezco a Dios que nunca me pegaron, nunca me violaron o nunca me hicieron nada por mi g\u00e9nero. Si bien al principio me identificaba como un hombre gay con el pasar del tiempo entend\u00ed que no ten\u00eda que esperar para demostrar lo que realmente soy, soy una mujer trans\u201d<\/p>\n\n\n\n<figure class=\"wp-block-image size-large\"><img decoding=\"async\" src=\"http:\/\/actualizateiguazu.com\/wp-content\/uploads\/2022\/01\/WhatsApp-Image-2022-01-16-at-11.54.59-1-720x700.jpeg\" alt=\"\" class=\"wp-image-24885\"\/><\/figure>\n\n\n\n<p>Ale Chris cont\u00f3 que nunca fue y dijo a sus familiares que era una mujer trans, que simplemente comenz\u00f3 a dejar crecer el cabello y a vestirse como mujer, \u201c<strong>Mi papa y mi mam\u00e1 aceptan mi decisi\u00f3n pero para ellos sigo siendo hijo o Alejandro, mi hermana mayor directamente no acepta que sea una mujer trans. Lo bueno es que mi familia me acogi\u00f3 y no me echo a la calle como ocurre en muchos lugares. Tengo la posibilidad de seguir estudiando y ser alguien en la vida<\/strong>\u201d<\/p>\n\n\n\n<p>En la escuela Ale Chris no siente rechazo por su g\u00e9nero sin embargo comenz\u00f3 los tr\u00e1mites legales para que el DNI diga femenino para que se generen algunos cambios. \u201chasta el d\u00eda de hoy me toca hacer educaci\u00f3n f\u00edsica con los varones, no me molesta, pero me gustar\u00eda poder cambiar eso. Es por eso que comenc\u00e9 con los tr\u00e1mites de cambio de DNI para lograr esos peque\u00f1os cambios que son grandes pasos para m\u00ed. Nunca me discriminaron los profesores, pero ellos yo soy Ale, pero me gustar\u00eda esos cambios para mi vida\u201d<\/p>\n\n\n\n<p>Respecto al futuro <strong>Ale Chris, pretende acceder a tratamientos hormonales y tambi\u00e9n a acceder a una cirug\u00eda de implante de mamas. Al finalizar sus estudios trabajar y as\u00ed valerse por s\u00ed misma.<\/strong> \u201cLa gente nos juzga porque hoy por hoy la \u00fanica forma que tienen los trans para sobrevivir es la prostituci\u00f3n. Yo no quiero eso para m\u00ed para eso voy a estudiar y a trabajar para tener mis cosas y mi casa. Lo \u00fanico que pido es que no me juzguen, no busco que me acepten, quiero respeto as\u00ed como yo respeto a los dem\u00e1s\u201d.<\/p>\n\n\n\n<figure class=\"wp-block-image size-large\"><img decoding=\"async\" src=\"http:\/\/actualizateiguazu.com\/wp-content\/uploads\/2022\/01\/La-de-negro-es-Ale-Chris-1170x700.jpg\" alt=\"\" class=\"wp-image-24884\"\/><\/figure>\n\n\n\n<p><strong>Creaci\u00f3n de la Direcci\u00f3n Municipal del Diversidad de Genero<\/strong><\/p>\n\n\n\n<p>La ciudad de las Cataratas es el primer municipio de Misiones que cuenta con una direcci\u00f3n de Diversidad de Genero, desde su creaci\u00f3n ha logrado unir a la comunidad LGBTQ+ de Iguaz\u00fa e impulsado pol\u00edticas p\u00fablicas de salud y diferentes programas para ayudar a la comunidad que enfrenta una seria de problemas, como ser discriminaci\u00f3n, cupos laborales y acceso a la salud.<\/p>\n\n\n\n<p>\u201c<strong>desde que empez\u00f3 a trabajar la direcci\u00f3n, comenzaron a haber cambios, hubo reuniones accedemos a mayor informaci\u00f3n sobre nuestros derechos, los tr\u00e1mites legales que tenemos que hacer para acceder a la documentaci\u00f3n legal, entre otras cosas. Fue muy productivo para la comunidad poder contar con el apoyo desde el sector del gobierno<\/strong>\u201d destac\u00f3 Ale Chris<\/p>\n\n\n\n<p>La primera vez que en Iguaz\u00fa se visibilizo la comunidad LGBTQ+ fue cuando desde la direcci\u00f3n se realiz\u00f3 la primera marcha del orgullo a fines del mes de octubre donde hubo un cambio de mentalidad sobre todo en las nuevas generaciones que comienzan a ver a la diversidad de g\u00e9nero como algo cotidiano.<\/p>\n","protected":false},"excerpt":{"rendered":"<p>A veces lo \u00fanico que se necesita para vivir en paz es el respeto, generalmente<\/p>\n","protected":false},"author":1,"featured_media":24886,"comment_status":"open","ping_status":"open","sticky":false,"template":"","format":"standard","meta":{"footnotes":""},"categories":[1,226],"tags":[],"class_list":["post-24883","post","type-post","status-publish","format-standard","has-post-thumbnail","hentry","category-actualidad","category-locales"],"_links":{"self":[{"href":"https:\/\/actualizateiguazu.com\/v3\/wp-json\/wp\/v2\/posts\/24883","targetHints":{"allow":["GET"]}}],"collection":[{"href":"https:\/\/actualizateiguazu.com\/v3\/wp-json\/wp\/v2\/posts"}],"about":[{"href":"https:\/\/actualizateiguazu.com\/v3\/wp-json\/wp\/v2\/types\/post"}],"author":[{"embeddable":true,"href":"https:\/\/actualizateiguazu.com\/v3\/wp-json\/wp\/v2\/users\/1"}],"replies":[{"embeddable":true,"href":"https:\/\/actualizateiguazu.com\/v3\/wp-json\/wp\/v2\/comments?post=24883"}],"version-history":[{"count":0,"href":"https:\/\/actualizateiguazu.com\/v3\/wp-json\/wp\/v2\/posts\/24883\/revisions"}],"wp:featuredmedia":[{"embeddable":true,"href":"https:\/\/actualizateiguazu.com\/v3\/wp-json\/"}],"wp:attachment":[{"href":"https:\/\/actualizateiguazu.com\/v3\/wp-json\/wp\/v2\/media?parent=24883"}],"wp:term":[{"taxonomy":"category","embeddable":true,"href":"https:\/\/actualizateiguazu.com\/v3\/wp-json\/wp\/v2\/categories?post=24883"},{"taxonomy":"post_tag","embeddable":true,"href":"https:\/\/actualizateiguazu.com\/v3\/wp-json\/wp\/v2\/tags?post=24883"}],"curies":[{"name":"wp","href":"https:\/\/api.w.org\/{rel}","templated":true}]}}