{"id":24929,"date":"2022-01-18T07:55:55","date_gmt":"2022-01-18T10:55:55","guid":{"rendered":"http:\/\/actualizateiguazu.com\/?p=24929"},"modified":"2022-01-18T07:55:55","modified_gmt":"2022-01-18T10:55:55","slug":"excelente-inicio-de-temporada-de-verano-en-iguazu","status":"publish","type":"post","link":"https:\/\/actualizateiguazu.com\/v3\/2022\/01\/18\/excelente-inicio-de-temporada-de-verano-en-iguazu\/","title":{"rendered":"Excelente inicio de temporada de verano en Iguaz\u00fa"},"content":{"rendered":"\n<p>Misiones con las cataratas como estandarte es una de las provincias Argentinas m\u00e1s elegidas para vacacionar durante este verano. La pol\u00edtica p\u00fablica del Pre- Viaje aport\u00f3 lo suficiente para que m\u00e1s argentinos elijan descansar y disfrutar de los paisajes nacionales. Esto qued\u00f3 demostrado en la ocupaci\u00f3n hotelera que se registr\u00f3 en la provincia y en Puerto Iguaz\u00fa que se posiciona en el primer lugar de los destinos Misioneros m\u00e1s elegidos por albergar una de las 7 maravillas naturales del mundo. Durante la primera quincena del mes Iguaz\u00fa registr\u00f3 un promedio de ocupaci\u00f3n de 88% y m\u00e1s de 70 mil personas visitaron cataratas.<\/p>\n\n\n\n<p>\u201c<strong>Concluimos una excelente primera quincena en el destino, la ocupaci\u00f3n promedio se situ\u00f3 en el 88% con leves disparidades entre las diferentes categor\u00edas hoteleras. A su vez, este porcentaje se vio acompa\u00f1ado con un incremento en el pernocte que pas\u00f3 de 3 a 3,5 &#8211; casi 4 -noches de estancia en la ciudad<\/strong>\u201d inform\u00f3 Leopoldo Lucas Presidente el ITUREM<\/p>\n\n\n\n<p>Algunos hoteles registraron sus plazas completa durante toda la quincena, algunos emprendimiento registraron cancelaciones y reprogramaciones por covid-19, no obstante al destino llegaron muchos turistas sin reserva previa. \u201c<strong>el verano siempre fue as\u00ed, muchas familias arriban al destino sin reserva. En esta oportunidad registramos muchas reservas sobre la hora, creemos que pasa por la pandemia, muchas personas deciden confirmar las reservas con muy pocos d\u00edas de anticipaci\u00f3<\/strong>n\u201d explicaron varios hoteleros a este medio<\/p>\n\n\n\n<figure class=\"wp-block-image size-large\"><img decoding=\"async\" src=\"http:\/\/actualizateiguazu.com\/wp-content\/uploads\/2022\/01\/FB_IMG_1636297275595-1080x700.jpg\" alt=\"\" class=\"wp-image-24593\"\/><\/figure>\n\n\n\n<p>Respecto al Parque nacional Iguaz\u00fa hasta el d\u00eda 16 de enero ingresaron al \u00e1rea protegida 72.953 turistas a disfrutar de las cataratas, diariamente ingresa un promedio de 4.500 personas, m\u00e1s de 2.000 personas m\u00e1s de lo que se registraba diariamente en el mes de diciembre. Muchos de los visitantes contratan a los gu\u00edas de turismo para disfrutar de una forma m\u00e1s ordenada la visita al parque diariamente un promedio de 66 d\u00edas trabajan dentro del Parque Nacional Iguaz\u00fa.<\/p>\n\n\n\n<p>\u201c<strong>Los ingresos al Parque Nacional Iguaz\u00fa acompa\u00f1aron este crecimiento con m\u00e1s de 70.000 ingresos durante los primeros 15 d\u00edas del mes de enero, destacando el excelente desarrollo de la temporada en #IguazuTodoElA\u00f1o, donde la sinergia entre el sector p\u00fablico y privado se hace presente, manifestando el excelente cuidado en todo momento hacia el turista<\/strong>\u201d resalto Leopoldo Lucas<\/p>\n\n\n\n<p>\u201c<strong>El destino trabaj\u00f3 intensamente para que estos n\u00fameros entren en vigencia, en la elaboraci\u00f3n y desarrollo de todas las medidas destinadas a conformar un destino seguro e inteligente y,\u00a0 consecuentemente,\u00a0 con la manifestaci\u00f3n de la alta demanda de los visitantes<\/strong>\u201d remat\u00f3 Lucas<\/p>\n\n\n\n<p>Con respecto al sector comercial Joaqu\u00edn Barreto presidente de la C\u00e1mara de Comercio Iguaz\u00fa CCI indico que el balance de la primera quincena del a\u00f1o es positivo aunque los n\u00fameros a\u00fan est\u00e1n un 40 por ciento por debajo de las ventas registradas en el mes de enero del 2.020. \u201c<strong>El balance es positivo, aunque estamos un 40 % por debajo de lo que fue enero del 2.020. Pero hay movimiento, se plantea una recuperaci\u00f3n, sigo sosteniendo que durante el primer semestre de este a\u00f1o estaremos al mismo nivel que antes de la pandemia. Hay movimiento tur\u00edstico y el comercio fronterizo se est\u00e1 reactivando, sobre todo en los rubros que tradicionalmente busca el brasile\u00f1o<\/strong>\u201d explico Barreto<\/p>\n","protected":false},"excerpt":{"rendered":"<p>Misiones con las cataratas como estandarte es una de las provincias Argentinas m\u00e1s elegidas para<\/p>\n","protected":false},"author":1,"featured_media":24369,"comment_status":"open","ping_status":"open","sticky":false,"template":"","format":"standard","meta":{"footnotes":""},"categories":[1,226],"tags":[],"class_list":["post-24929","post","type-post","status-publish","format-standard","has-post-thumbnail","hentry","category-actualidad","category-locales"],"_links":{"self":[{"href":"https:\/\/actualizateiguazu.com\/v3\/wp-json\/wp\/v2\/posts\/24929","targetHints":{"allow":["GET"]}}],"collection":[{"href":"https:\/\/actualizateiguazu.com\/v3\/wp-json\/wp\/v2\/posts"}],"about":[{"href":"https:\/\/actualizateiguazu.com\/v3\/wp-json\/wp\/v2\/types\/post"}],"author":[{"embeddable":true,"href":"https:\/\/actualizateiguazu.com\/v3\/wp-json\/wp\/v2\/users\/1"}],"replies":[{"embeddable":true,"href":"https:\/\/actualizateiguazu.com\/v3\/wp-json\/wp\/v2\/comments?post=24929"}],"version-history":[{"count":0,"href":"https:\/\/actualizateiguazu.com\/v3\/wp-json\/wp\/v2\/posts\/24929\/revisions"}],"wp:featuredmedia":[{"embeddable":true,"href":"https:\/\/actualizateiguazu.com\/v3\/wp-json\/"}],"wp:attachment":[{"href":"https:\/\/actualizateiguazu.com\/v3\/wp-json\/wp\/v2\/media?parent=24929"}],"wp:term":[{"taxonomy":"category","embeddable":true,"href":"https:\/\/actualizateiguazu.com\/v3\/wp-json\/wp\/v2\/categories?post=24929"},{"taxonomy":"post_tag","embeddable":true,"href":"https:\/\/actualizateiguazu.com\/v3\/wp-json\/wp\/v2\/tags?post=24929"}],"curies":[{"name":"wp","href":"https:\/\/api.w.org\/{rel}","templated":true}]}}