{"id":24931,"date":"2022-01-18T13:20:39","date_gmt":"2022-01-18T16:20:39","guid":{"rendered":"http:\/\/actualizateiguazu.com\/?p=24931"},"modified":"2022-01-18T13:20:39","modified_gmt":"2022-01-18T16:20:39","slug":"se-redujo-la-cantidad-de-ingresos-al-pais-por-el-puente-tancredo-neves","status":"publish","type":"post","link":"https:\/\/actualizateiguazu.com\/v3\/2022\/01\/18\/se-redujo-la-cantidad-de-ingresos-al-pais-por-el-puente-tancredo-neves\/","title":{"rendered":"Se reduj\u00f3 la cantidad de ingresos al pa\u00eds por el Puente Tancredo Neves"},"content":{"rendered":"\n<p>Esta semana la cantidad de ingresos al pa\u00eds por el Puente Internacional Tancredo Neves se redujo de forma considerable,<strong> desde la coordinaci\u00f3n de frontera estiman que diariamente ingresan 7.000 personas por d\u00eda por este paso de frontera.<\/strong> Consideran que la reducci\u00f3n en la cantidad de tr\u00e1nsitos podr\u00eda estar relacionada al aumento en la cantidad de casos de covid-18 en Iguaz\u00fa y en la vecina ciudad de Foz do Iguaz\u00fa.<\/p>\n\n\n\n<p><strong>Si bien para salir del pa\u00eds las filas llegan a casi 400 metros, la mayor\u00eda son Brasile\u00f1os y Paraguayos que regresan a su pa\u00eds luego de haber cargado combustible en las estaciones de servicio<\/strong>, no obstante el ingreso se vio reducido en comparaci\u00f3n a las filas que se registraron la semana pasada donde la demora m\u00e1xima fue de 2 horas.<\/p>\n\n\n\n<figure class=\"wp-block-image size-large\"><img decoding=\"async\" src=\"http:\/\/actualizateiguazu.com\/wp-content\/uploads\/2022\/01\/IMG_20220118_113217222-1170x700.jpg\" alt=\"\" class=\"wp-image-24932\"\/><figcaption>Filas para ingersar a Argentina por el puente Tancredo Neves<\/figcaption><\/figure>\n\n\n\n<p>\u201c<strong>Hemos organizado el ingreso de manera tal que las empresas de turismo y los buses internacionales puedan ingresar con el menor tiempo de espera posible. El sector de Sanidad de frontera est\u00e1 trabajando en un sector exclusivo y as\u00ed se agiliza el ingreso de turismo y camiones al pa\u00eds<\/strong>\u201d explic\u00f3 H\u00e9ctor Careaga coordinador del centro de Frontera de Iguaz\u00fa.<\/p>\n\n\n\n<p>Con respecto a la cantidad de ingresos Careaga indic\u00f3 \u201ctenemos un promedio de 7.000 ingresos, el n\u00famero disminuy\u00f3 bastante creemos que es por el aumento de los casos de covid-19 en la zona. Lo que es tr\u00e1fico vecinal fronterizo tambi\u00e9n disminuy\u00f3. Lo que si tenemos es mucho tr\u00e1nsito de peatones que se dirigen el Dutty Free Shop\u201d resalt\u00f3 Careaga<\/p>\n\n\n\n<p>Cabe destacar, <strong>que se ha habilitado el corredor tur\u00edstico para taxis y remises, sin embargo a\u00fan no est\u00e1 funcionando de la mejor manera ya que falta organizaci\u00f3n y respeto por parte de los trabajadores del volante explicaron desde la coordinaci\u00f3n del centro de frontera<\/strong>.<\/p>\n\n\n\n<figure class=\"wp-block-image size-large\"><img decoding=\"async\" src=\"http:\/\/actualizateiguazu.com\/wp-content\/uploads\/2022\/01\/IMG_20220118_114155697-1170x700.jpg\" alt=\"\" class=\"wp-image-24938\"\/><figcaption>Filas para salir del pais por el puente Tancredo Neves<\/figcaption><\/figure>\n\n\n\n<p>Respecto a las posibles demoras para los tr\u00e1mites Careaga reconoci\u00f3 que est\u00e1n trabajando con poco personal, \u201ctenemos varias bajas en la parte de seguridad y tambi\u00e9n muchos inspectores de Migraciones con licencia por covid, esto tambi\u00e9n puede generar demoras pero estamos trabajando de forma organizada tratando de reducir al m\u00e1ximo el tiempo de espera\u201d remat\u00f3 Careaga.<\/p>\n\n\n\n<p>Con respecto al aumento de personas infectadas con el virus, la Vigilancia Epidemiol\u00f3gica de Foz do Igua\u00e7u confirm\u00f3 que se han registrado hasta martes 18 de enero 53.054 casos de la enfermedad en el municipio desde el inicio de la pandemia y 48.808 personas ya se recuperaron y contabilizan 1.166 las muertes por la enfermedad desde el inicio de la pandemia.<\/p>\n\n\n\n<p>En tanto en Iguaz\u00fa, en lo que va del mes seg\u00fan las estad\u00edsticas se han reportado 731 personas infectadas con el virus. En lo que va de la pandemia, 2.118 personas han sido diagnosticadas con la enfermedad, de los cuales 1.394 se han recuperado, 678 pacientes permanecen con el virus activo y 46 personas han fallecido a causa de la enfermedad cuatro de ellas en lo que va del mes de enero, todas con co-morbilidades y en su mayor\u00eda no estaban inmunizadas contra la enfermedad.<\/p>\n","protected":false},"excerpt":{"rendered":"<p>Esta semana la cantidad de ingresos al pa\u00eds por el Puente Internacional Tancredo Neves se<\/p>\n","protected":false},"author":1,"featured_media":24933,"comment_status":"open","ping_status":"open","sticky":false,"template":"","format":"standard","meta":{"footnotes":""},"categories":[1,226],"tags":[],"class_list":["post-24931","post","type-post","status-publish","format-standard","has-post-thumbnail","hentry","category-actualidad","category-locales"],"_links":{"self":[{"href":"https:\/\/actualizateiguazu.com\/v3\/wp-json\/wp\/v2\/posts\/24931","targetHints":{"allow":["GET"]}}],"collection":[{"href":"https:\/\/actualizateiguazu.com\/v3\/wp-json\/wp\/v2\/posts"}],"about":[{"href":"https:\/\/actualizateiguazu.com\/v3\/wp-json\/wp\/v2\/types\/post"}],"author":[{"embeddable":true,"href":"https:\/\/actualizateiguazu.com\/v3\/wp-json\/wp\/v2\/users\/1"}],"replies":[{"embeddable":true,"href":"https:\/\/actualizateiguazu.com\/v3\/wp-json\/wp\/v2\/comments?post=24931"}],"version-history":[{"count":0,"href":"https:\/\/actualizateiguazu.com\/v3\/wp-json\/wp\/v2\/posts\/24931\/revisions"}],"wp:featuredmedia":[{"embeddable":true,"href":"https:\/\/actualizateiguazu.com\/v3\/wp-json\/"}],"wp:attachment":[{"href":"https:\/\/actualizateiguazu.com\/v3\/wp-json\/wp\/v2\/media?parent=24931"}],"wp:term":[{"taxonomy":"category","embeddable":true,"href":"https:\/\/actualizateiguazu.com\/v3\/wp-json\/wp\/v2\/categories?post=24931"},{"taxonomy":"post_tag","embeddable":true,"href":"https:\/\/actualizateiguazu.com\/v3\/wp-json\/wp\/v2\/tags?post=24931"}],"curies":[{"name":"wp","href":"https:\/\/api.w.org\/{rel}","templated":true}]}}