{"id":24950,"date":"2022-01-18T16:17:59","date_gmt":"2022-01-18T19:17:59","guid":{"rendered":"http:\/\/actualizateiguazu.com\/?p=24950"},"modified":"2022-01-18T16:17:59","modified_gmt":"2022-01-18T19:17:59","slug":"energia-de-misiones-pidio-racionalizar-el-uso-la-electricidad-ante-el-aumento-de-la-demanda","status":"publish","type":"post","link":"https:\/\/actualizateiguazu.com\/v3\/2022\/01\/18\/energia-de-misiones-pidio-racionalizar-el-uso-la-electricidad-ante-el-aumento-de-la-demanda\/","title":{"rendered":"Energ\u00eda de Misiones pidi\u00f3 racionalizar el uso la electricidad ante el aumento de la demanda"},"content":{"rendered":"\n<p>A trav\u00e9s de un comunicado donde Energ\u00eda de Misiones especifican el aumento del consumo de energ\u00eda el\u00e9ctrica y los problemas con los que se enfrenta la empresa debido a la ola de calor y al avance de la tercer ola de covid-19, solicitan a la comunidad que racionalicen el consumo en los domicilios.<\/p>\n\n\n\n<p>\u201cEstamos atravesando una situaci\u00f3n muy particular debido a las altas temperaturas que se viven en todo el pa\u00eds y Misiones no es una excepci\u00f3n. El d\u00eda lunes 17 de enero siendo las 15:00 hs. hemos alcanzando una demanda hist\u00f3rica de consumo en nuestra provincia, de 596.1 MW.\u201d indican<\/p>\n\n\n\n<p>\u201cqueremos transmitir tranquilidad a nuestros usuarios y destacar que estamos trabajando permanentemente sobre las l\u00edneas, con guardias corridas de 24 horas y tratando de Atender todos los reclamos en el menor lapso de tiempo posible\u201d<\/p>\n\n\n\n<p>En el escrito especifican que el personal se ve afectado por esta tercera ola de contagios de COVID-19 y se encuentran realizando el aislamiento correspondiente, esta situaci\u00f3n dificulta a\u00fan m\u00e1s la tarea.<\/p>\n\n\n\n<p>\u201cA pesar de los inconvenientes mencionados anteriormente, queremos recordar a los usuarios que nuestro principal objetivo es garantizar el funcionamiento del servicio, llevando a cabo las acciones adecuadas sobre la infraestructura ya existente.\u201d<\/p>\n\n\n\n<p>Actualmente Energia de Misiones trabaja en conjunto con el Gobierno Provincial en el pedido realizado a la Naci\u00f3n para la construcci\u00f3n de nuevas l\u00edneas de Media Tensi\u00f3n de 33 KV en San Vicente \u2013 San Pedro y San Vicente &#8211; El Soberbio, y la construcci\u00f3n de la Subestaci\u00f3n Transformadora 33 Kv\/13,2 KV 2,5 MVA Colonia Para\u00edso.<\/p>\n\n\n\n<p>\u201cAprovechamos tambi\u00e9n para solicitar a la poblaci\u00f3n la colaboraci\u00f3n en el uso racional de la energ\u00eda tratando de equilibrar el consumo y recordando que la responsabilidad en el cuidado del mismo es compartida con toda la poblaci\u00f3n\u201d remarcaron<\/p>\n","protected":false},"excerpt":{"rendered":"<p>A trav\u00e9s de un comunicado donde Energ\u00eda de Misiones especifican el aumento del consumo de<\/p>\n","protected":false},"author":1,"featured_media":24915,"comment_status":"open","ping_status":"open","sticky":false,"template":"","format":"standard","meta":{"footnotes":""},"categories":[1,224,229],"tags":[],"class_list":["post-24950","post","type-post","status-publish","format-standard","has-post-thumbnail","hentry","category-actualidad","category-el-mundo","category-provinciales"],"_links":{"self":[{"href":"https:\/\/actualizateiguazu.com\/v3\/wp-json\/wp\/v2\/posts\/24950","targetHints":{"allow":["GET"]}}],"collection":[{"href":"https:\/\/actualizateiguazu.com\/v3\/wp-json\/wp\/v2\/posts"}],"about":[{"href":"https:\/\/actualizateiguazu.com\/v3\/wp-json\/wp\/v2\/types\/post"}],"author":[{"embeddable":true,"href":"https:\/\/actualizateiguazu.com\/v3\/wp-json\/wp\/v2\/users\/1"}],"replies":[{"embeddable":true,"href":"https:\/\/actualizateiguazu.com\/v3\/wp-json\/wp\/v2\/comments?post=24950"}],"version-history":[{"count":0,"href":"https:\/\/actualizateiguazu.com\/v3\/wp-json\/wp\/v2\/posts\/24950\/revisions"}],"wp:featuredmedia":[{"embeddable":true,"href":"https:\/\/actualizateiguazu.com\/v3\/wp-json\/"}],"wp:attachment":[{"href":"https:\/\/actualizateiguazu.com\/v3\/wp-json\/wp\/v2\/media?parent=24950"}],"wp:term":[{"taxonomy":"category","embeddable":true,"href":"https:\/\/actualizateiguazu.com\/v3\/wp-json\/wp\/v2\/categories?post=24950"},{"taxonomy":"post_tag","embeddable":true,"href":"https:\/\/actualizateiguazu.com\/v3\/wp-json\/wp\/v2\/tags?post=24950"}],"curies":[{"name":"wp","href":"https:\/\/api.w.org\/{rel}","templated":true}]}}