{"id":24963,"date":"2022-01-19T15:00:48","date_gmt":"2022-01-19T18:00:48","guid":{"rendered":"http:\/\/actualizateiguazu.com\/?p=24963"},"modified":"2022-01-19T15:00:48","modified_gmt":"2022-01-19T18:00:48","slug":"productos-de-las-pymes-misioneras-a-vista-del-turismo-internacional","status":"publish","type":"post","link":"https:\/\/actualizateiguazu.com\/v3\/2022\/01\/19\/productos-de-las-pymes-misioneras-a-vista-del-turismo-internacional\/","title":{"rendered":"Productos de las Pymes Misioneras a la vista del turismo internacional"},"content":{"rendered":"\n<p>Esta ma\u00f1ana quedo inaugurado el local comercial en el aeropuerto Internacional Mayor Eduardo Krause Cataratas del Iguaz\u00fa, donde las Pymes Misioneras pondr\u00e1n en una vidriera internacional sus productos. Esta inauguraci\u00f3n es el resultado de 4 a\u00f1os de trabajo de la Agencia para el Desarrollo Econ\u00f3mico de Misiones (ADEMI). El local est\u00e1 ubicado en el sector del pre-embarque y representa una ventana al mundo para cada uno de los emprendedores de las localidades m\u00e1s peque\u00f1as de la provincia.<\/p>\n\n\n\n<p>La titular de ADEMI y diputada provincial, Suzel Vaider;\u00a0 <strong>se mostr\u00f3 muy contenta tras concretarse el sue\u00f1o de poder contar con una vidriera internacional para promover los productos de los emprendedores de los lugares m\u00e1s peque\u00f1os de la provincia.<\/strong> Desde este mi\u00e9rcoles los turistas de diversas partes del pa\u00eds y el mundo se encontrar\u00e1n Yerba, mates, mermeladas, art\u00edculos de telar, barbijos con impronta misionera entre otros productos. Cada uno estar\u00e1 identificado con el nombre del municipio perteneciente con el objetivo que los clientes puedan contactarse con los emprendedores que buscaran fidelizarlos.<\/p>\n\n\n\n<figure class=\"wp-block-image size-large\"><img decoding=\"async\" src=\"http:\/\/actualizateiguazu.com\/wp-content\/uploads\/2022\/01\/IMG_20220119_113346313-1170x700.jpg\" alt=\"\" class=\"wp-image-24967\"\/><\/figure>\n\n\n\n<p>Este espacio de difusi\u00f3n de los productos de emprendedores de la provincia se enmarca en el programa Pymes Misiones, fueron 4 a\u00f1os de trabajo para lograr contar con el espacio, ya que comenz\u00f3 a gestarse desde antes de que la estaci\u00f3n a\u00e9rea comenzara con las obras de refacci\u00f3n que a\u00fan no culminaron, luego se trabaj\u00f3 en la planificaci\u00f3n para finalizar con un espacio acorde a la identidad Misionera que cuenta con la ubicaci\u00f3n fue pensada para que los visitantes se acerquen minutos antes de subirse al avi\u00f3n y puedan adquirir los productos. Cuenta con mobiliario hecho por misioneros, fotograf\u00edas que representan la provincia y decoraci\u00f3n que se destaca por ser mano de obra local.<\/p>\n\n\n\n<p>\u201cHay productos de todos los emprendedores de la provincia, en cada estantes est\u00e1n la identificaci\u00f3n de quien es el emprendedor, como produce y detalles de contacto para que puedan fidelizar al cliente\u201d indic\u00f3 Vaider<\/p>\n\n\n\n<figure class=\"wp-block-image size-large\"><img decoding=\"async\" src=\"http:\/\/actualizateiguazu.com\/wp-content\/uploads\/2022\/01\/IMG_20220119_113337661-1170x700.jpg\" alt=\"\" class=\"wp-image-24966\"\/><\/figure>\n\n\n\n<p>\u201cEsto es un logro muy grande de un trabajo en equipo, con gran acompa\u00f1amiento del Gobierno de Misiones que puso parte del recurso necesario, la C\u00e1mara de la construcci\u00f3n que dono el dise\u00f1o, lo carpinteros de Posadas que hicieron los muebles y todo lo que se puede ver en el lugar est\u00e1 hecho con mano de obras Misionera\u201d recalco Vaider.<\/p>\n\n\n\n<p>\u201cEs una gran satisfacci\u00f3n poder generar nuevas oportunidades de inclusi\u00f3n econ\u00f3mica para la gente que tiene peque\u00f1os negocios, esto me pone muy contenta\u201d<\/p>\n\n\n\n<p>Adem\u00e1s, la inauguraci\u00f3n del local comercial tambi\u00e9n incluye a los Iguazuenses ya que generan puestos de trabajo.<\/p>\n","protected":false},"excerpt":{"rendered":"<p>Esta ma\u00f1ana quedo inaugurado el local comercial en el aeropuerto Internacional Mayor Eduardo Krause Cataratas<\/p>\n","protected":false},"author":1,"featured_media":24965,"comment_status":"open","ping_status":"open","sticky":false,"template":"","format":"standard","meta":{"footnotes":""},"categories":[1,226],"tags":[],"class_list":["post-24963","post","type-post","status-publish","format-standard","has-post-thumbnail","hentry","category-actualidad","category-locales"],"_links":{"self":[{"href":"https:\/\/actualizateiguazu.com\/v3\/wp-json\/wp\/v2\/posts\/24963","targetHints":{"allow":["GET"]}}],"collection":[{"href":"https:\/\/actualizateiguazu.com\/v3\/wp-json\/wp\/v2\/posts"}],"about":[{"href":"https:\/\/actualizateiguazu.com\/v3\/wp-json\/wp\/v2\/types\/post"}],"author":[{"embeddable":true,"href":"https:\/\/actualizateiguazu.com\/v3\/wp-json\/wp\/v2\/users\/1"}],"replies":[{"embeddable":true,"href":"https:\/\/actualizateiguazu.com\/v3\/wp-json\/wp\/v2\/comments?post=24963"}],"version-history":[{"count":0,"href":"https:\/\/actualizateiguazu.com\/v3\/wp-json\/wp\/v2\/posts\/24963\/revisions"}],"wp:featuredmedia":[{"embeddable":true,"href":"https:\/\/actualizateiguazu.com\/v3\/wp-json\/"}],"wp:attachment":[{"href":"https:\/\/actualizateiguazu.com\/v3\/wp-json\/wp\/v2\/media?parent=24963"}],"wp:term":[{"taxonomy":"category","embeddable":true,"href":"https:\/\/actualizateiguazu.com\/v3\/wp-json\/wp\/v2\/categories?post=24963"},{"taxonomy":"post_tag","embeddable":true,"href":"https:\/\/actualizateiguazu.com\/v3\/wp-json\/wp\/v2\/tags?post=24963"}],"curies":[{"name":"wp","href":"https:\/\/api.w.org\/{rel}","templated":true}]}}