{"id":25086,"date":"2022-01-25T16:13:26","date_gmt":"2022-01-25T19:13:26","guid":{"rendered":"http:\/\/actualizateiguazu.com\/?p=25086"},"modified":"2022-01-25T16:13:26","modified_gmt":"2022-01-25T19:13:26","slug":"iguazu-hallaron-muerto-a-un-hombre-anos-en-su-casa","status":"publish","type":"post","link":"https:\/\/actualizateiguazu.com\/v3\/2022\/01\/25\/iguazu-hallaron-muerto-a-un-hombre-anos-en-su-casa\/","title":{"rendered":"Iguaz\u00fa: Hallaron muerto a un hombre en su casa"},"content":{"rendered":"\n<p>Vecinos del barrio Bel\u00e9n dieron aviso de que una persona estaba muerta y en avanzado estado de descomposici\u00f3n en su domicilio. Seg\u00fan los vecinos la \u00faltima vez que lo habr\u00edan visto fue el s\u00e1bado y esta ma\u00f1ana debido al olor nauseabundo, ingresaron a ver que paso y encontraron el cuerpo.<\/p>\n\n\n\n<p>Los bomberos voluntarios se dirigieron al domicilio ubicado la intersecci\u00f3n de Ricardo Balb\u00edn y Salto Rivadavia, equipado con trajes protectores se dispusieron retirar el cuerpo para el trasladado al hospital. Para que luego la justicia envie a autopsia para poder determinar la causa de la muerte.<\/p>\n\n\n\n<figure class=\"wp-block-image size-large\"><img decoding=\"async\" src=\"http:\/\/actualizateiguazu.com\/wp-content\/uploads\/2022\/01\/WhatsApp-Image-2022-01-25-at-15.50.53-3-1170x700.jpeg\" alt=\"\" class=\"wp-image-25090\"\/><\/figure>\n\n\n\n<p>Se tratar\u00eda de un hombre de 83 a\u00f1os de edad que resid\u00eda solo en la vivienda, los vecinos manifestaron que la puerta del domicilio estaba abierta. Se desconoce si el hombre estaba enfermo o si fue v\u00edctima de alg\u00fan hecho de violencia.<\/p>\n\n\n\n<p>En el lugar trabaja personal de criminal\u00edstica de la Unidad Regional V.<\/p>\n\n\n\n<p>Noticia en desarrollo<\/p>\n","protected":false},"excerpt":{"rendered":"<p>Vecinos del barrio Bel\u00e9n dieron aviso de que una persona estaba muerta y en avanzado<\/p>\n","protected":false},"author":1,"featured_media":25091,"comment_status":"open","ping_status":"open","sticky":false,"template":"","format":"standard","meta":{"footnotes":""},"categories":[1,226,228],"tags":[],"class_list":["post-25086","post","type-post","status-publish","format-standard","has-post-thumbnail","hentry","category-actualidad","category-locales","category-policiales"],"_links":{"self":[{"href":"https:\/\/actualizateiguazu.com\/v3\/wp-json\/wp\/v2\/posts\/25086","targetHints":{"allow":["GET"]}}],"collection":[{"href":"https:\/\/actualizateiguazu.com\/v3\/wp-json\/wp\/v2\/posts"}],"about":[{"href":"https:\/\/actualizateiguazu.com\/v3\/wp-json\/wp\/v2\/types\/post"}],"author":[{"embeddable":true,"href":"https:\/\/actualizateiguazu.com\/v3\/wp-json\/wp\/v2\/users\/1"}],"replies":[{"embeddable":true,"href":"https:\/\/actualizateiguazu.com\/v3\/wp-json\/wp\/v2\/comments?post=25086"}],"version-history":[{"count":0,"href":"https:\/\/actualizateiguazu.com\/v3\/wp-json\/wp\/v2\/posts\/25086\/revisions"}],"wp:featuredmedia":[{"embeddable":true,"href":"https:\/\/actualizateiguazu.com\/v3\/wp-json\/"}],"wp:attachment":[{"href":"https:\/\/actualizateiguazu.com\/v3\/wp-json\/wp\/v2\/media?parent=25086"}],"wp:term":[{"taxonomy":"category","embeddable":true,"href":"https:\/\/actualizateiguazu.com\/v3\/wp-json\/wp\/v2\/categories?post=25086"},{"taxonomy":"post_tag","embeddable":true,"href":"https:\/\/actualizateiguazu.com\/v3\/wp-json\/wp\/v2\/tags?post=25086"}],"curies":[{"name":"wp","href":"https:\/\/api.w.org\/{rel}","templated":true}]}}