{"id":25097,"date":"2022-01-26T14:31:06","date_gmt":"2022-01-26T17:31:06","guid":{"rendered":"http:\/\/actualizateiguazu.com\/?p=25097"},"modified":"2022-01-26T14:31:06","modified_gmt":"2022-01-26T17:31:06","slug":"se-manifestaron-frente-a-imas-y-exigieron-la-normalizacion-del-servicio","status":"publish","type":"post","link":"https:\/\/actualizateiguazu.com\/v3\/2022\/01\/26\/se-manifestaron-frente-a-imas-y-exigieron-la-normalizacion-del-servicio\/","title":{"rendered":"Se manifestaron frente a IMAS y exigieron la normalizaci\u00f3n del servicio"},"content":{"rendered":"\n<p>La Agrupaci\u00f3n Mujeres Autoconvocadas se manifest\u00f3 frente a IMAS y realizaron una pegativa de carteles donde exigen la normalizaci\u00f3n del servicio y la provisi\u00f3n del l\u00edquido vital a las zonas complicadas que hace varios meses se encuentran sin el suministro de agua potable, como ser barrio Bel\u00e9n, Villa Alta zona Alta y Santa Rosa. En Asamblea resolvieron convocar a una nueva acci\u00f3n para el pr\u00f3ximo viernes a las 18.30hs frente al predio de IMAS en avenida Victoria Aguirre.<\/p>\n\n\n\n<figure class=\"wp-block-image size-large\"><img decoding=\"async\" src=\"http:\/\/actualizateiguazu.com\/wp-content\/uploads\/2022\/01\/IMG_20220126_095659870-1170x700.jpg\" alt=\"\" class=\"wp-image-25102\"\/><\/figure>\n\n\n\n<p>El motivo de los reclamos es\u00a0 que el gobierno provincial designe presupuesto para resolver de una vez por todas los eternos problemas de suministro de agua potable y que incluya a los barrios que no cuentan con servicio de distribuci\u00f3n pro red, sino que cuentan con pozos perforados que actualmente est\u00e1n a punto de secarse y algunos fuera de funcionamiento porque los equipos se quemaron y el municipio no cuenta con el presupuesto para cambiarlos y abastecer a los barrios.<\/p>\n\n\n\n<figure class=\"wp-block-image size-large\"><img decoding=\"async\" src=\"http:\/\/actualizateiguazu.com\/wp-content\/uploads\/2022\/01\/WhatsApp-Image-2022-01-26-at-11.38.02-1-1080x700.jpeg\" alt=\"\" class=\"wp-image-25101\"\/><\/figure>\n\n\n\n<p>Tras los reclamos y la pegatina resolvieron convocar a una nueva manifestaci\u00f3n prevista para el viernes 28 de enero a las 18.30 horas frente e IMAS, en el lugar pintaran una bandera y trataran las pr\u00f3ximas medidas a seguir para exigir la normalizaci\u00f3n del servicio y que se realicen las obras complementarias necesarias.<\/p>\n","protected":false},"excerpt":{"rendered":"<p>La Agrupaci\u00f3n Mujeres Autoconvocadas se manifest\u00f3 frente a IMAS y realizaron una pegativa de carteles<\/p>\n","protected":false},"author":1,"featured_media":25100,"comment_status":"open","ping_status":"open","sticky":false,"template":"","format":"standard","meta":{"footnotes":""},"categories":[1,226],"tags":[],"class_list":["post-25097","post","type-post","status-publish","format-standard","has-post-thumbnail","hentry","category-actualidad","category-locales"],"_links":{"self":[{"href":"https:\/\/actualizateiguazu.com\/v3\/wp-json\/wp\/v2\/posts\/25097","targetHints":{"allow":["GET"]}}],"collection":[{"href":"https:\/\/actualizateiguazu.com\/v3\/wp-json\/wp\/v2\/posts"}],"about":[{"href":"https:\/\/actualizateiguazu.com\/v3\/wp-json\/wp\/v2\/types\/post"}],"author":[{"embeddable":true,"href":"https:\/\/actualizateiguazu.com\/v3\/wp-json\/wp\/v2\/users\/1"}],"replies":[{"embeddable":true,"href":"https:\/\/actualizateiguazu.com\/v3\/wp-json\/wp\/v2\/comments?post=25097"}],"version-history":[{"count":0,"href":"https:\/\/actualizateiguazu.com\/v3\/wp-json\/wp\/v2\/posts\/25097\/revisions"}],"wp:featuredmedia":[{"embeddable":true,"href":"https:\/\/actualizateiguazu.com\/v3\/wp-json\/"}],"wp:attachment":[{"href":"https:\/\/actualizateiguazu.com\/v3\/wp-json\/wp\/v2\/media?parent=25097"}],"wp:term":[{"taxonomy":"category","embeddable":true,"href":"https:\/\/actualizateiguazu.com\/v3\/wp-json\/wp\/v2\/categories?post=25097"},{"taxonomy":"post_tag","embeddable":true,"href":"https:\/\/actualizateiguazu.com\/v3\/wp-json\/wp\/v2\/tags?post=25097"}],"curies":[{"name":"wp","href":"https:\/\/api.w.org\/{rel}","templated":true}]}}