{"id":25115,"date":"2022-01-27T08:17:18","date_gmt":"2022-01-27T11:17:18","guid":{"rendered":"http:\/\/actualizateiguazu.com\/?p=25115"},"modified":"2022-01-27T08:17:18","modified_gmt":"2022-01-27T11:17:18","slug":"fue-detenido-por-violar-las-medidas-de-restriccion-respecto-de-su-ex-pareja","status":"publish","type":"post","link":"https:\/\/actualizateiguazu.com\/v3\/2022\/01\/27\/fue-detenido-por-violar-las-medidas-de-restriccion-respecto-de-su-ex-pareja\/","title":{"rendered":"Fue detenido por violar las medidas de restricci\u00f3n respecto de su ex pareja"},"content":{"rendered":"\n<p>Fue en un procedimiento realizado por integrantes de la Comisar\u00eda de la Mujer URV, en el cual detuvieron a un hombre de 38 a\u00f1os de edad acusado de haber amenazado y quebrantado las medidas judiciales.<\/p>\n\n\n\n<p>La v\u00edctima, una mujer de 28 a\u00f1os de edad quien cursa un embarazo de seis meses, \u00a0 denunci\u00f3 que su ex pareja quebrant\u00f3 las medidas de restricci\u00f3n profiriendo amenazas de maneras constantes hacia la misma temiendo por su integridad f\u00edsica.<\/p>\n\n\n\n<figure class=\"wp-block-image size-large\"><img decoding=\"async\" src=\"http:\/\/actualizateiguazu.com\/wp-content\/uploads\/2022\/01\/FB_IMG_1643261011638-785x700.jpg\" alt=\"\" class=\"wp-image-25117\"\/><\/figure>\n\n\n\n<p>Conocido el hecho, en la jornada de ayer en el marco de una investigaci\u00f3n, tras una allanamiento la Polic\u00eda detuvo al violento y secuestr\u00f3 un cuchillo tipo pu\u00f1al y traslado al mismo hasta sede policial donde permanece alojado a disposici\u00f3n de la justicia.<\/p>\n","protected":false},"excerpt":{"rendered":"<p>Fue en un procedimiento realizado por integrantes de la Comisar\u00eda de la Mujer URV, en<\/p>\n","protected":false},"author":1,"featured_media":25116,"comment_status":"open","ping_status":"open","sticky":false,"template":"","format":"standard","meta":{"footnotes":""},"categories":[228],"tags":[],"class_list":["post-25115","post","type-post","status-publish","format-standard","has-post-thumbnail","hentry","category-policiales"],"_links":{"self":[{"href":"https:\/\/actualizateiguazu.com\/v3\/wp-json\/wp\/v2\/posts\/25115","targetHints":{"allow":["GET"]}}],"collection":[{"href":"https:\/\/actualizateiguazu.com\/v3\/wp-json\/wp\/v2\/posts"}],"about":[{"href":"https:\/\/actualizateiguazu.com\/v3\/wp-json\/wp\/v2\/types\/post"}],"author":[{"embeddable":true,"href":"https:\/\/actualizateiguazu.com\/v3\/wp-json\/wp\/v2\/users\/1"}],"replies":[{"embeddable":true,"href":"https:\/\/actualizateiguazu.com\/v3\/wp-json\/wp\/v2\/comments?post=25115"}],"version-history":[{"count":0,"href":"https:\/\/actualizateiguazu.com\/v3\/wp-json\/wp\/v2\/posts\/25115\/revisions"}],"wp:featuredmedia":[{"embeddable":true,"href":"https:\/\/actualizateiguazu.com\/v3\/wp-json\/"}],"wp:attachment":[{"href":"https:\/\/actualizateiguazu.com\/v3\/wp-json\/wp\/v2\/media?parent=25115"}],"wp:term":[{"taxonomy":"category","embeddable":true,"href":"https:\/\/actualizateiguazu.com\/v3\/wp-json\/wp\/v2\/categories?post=25115"},{"taxonomy":"post_tag","embeddable":true,"href":"https:\/\/actualizateiguazu.com\/v3\/wp-json\/wp\/v2\/tags?post=25115"}],"curies":[{"name":"wp","href":"https:\/\/api.w.org\/{rel}","templated":true}]}}