{"id":25157,"date":"2022-01-29T10:21:35","date_gmt":"2022-01-29T13:21:35","guid":{"rendered":"http:\/\/actualizateiguazu.com\/?p=25157"},"modified":"2022-01-29T10:21:35","modified_gmt":"2022-01-29T13:21:35","slug":"recomiendan-vacunar-a-los-ninos-de-mas-de-tres-anos-antes-del-inicio-del-ciclo-escolar","status":"publish","type":"post","link":"https:\/\/actualizateiguazu.com\/v3\/2022\/01\/29\/recomiendan-vacunar-a-los-ninos-de-mas-de-tres-anos-antes-del-inicio-del-ciclo-escolar\/","title":{"rendered":"Recomiendan vacunar a los ni\u00f1os de m\u00e1s de tres a\u00f1os antes del inicio del ciclo escolar"},"content":{"rendered":"\n<p>El Comit\u00e9 Cient\u00edfico de la Vice gobernaci\u00f3n <strong>recomienda a los padres de alumnos de m\u00e1s de 3 a\u00f1os la cobertura de vacunaci\u00f3n completa &nbsp;del adulto y de los ni\u00f1os, adem\u00e1s hacen especial hincapi\u00e9 en la necesidad de que los padres de hijos menores de 3 a\u00f1os (grupo etario que a\u00fan no est\u00e1n dentro del esquema a vacunar) est\u00e9n vacunados<\/strong>, sobre todo aquellos que concurren a jardines maternales, guarder\u00edas, alojamientos cerrados, tambi\u00e9n los que tengan personas con discapacidad, los que tengan factores de riesgo( pacientes oncol\u00f3gicos con cardiopat\u00eda ,obesidad m\u00f3rbida ,patolog\u00eda respiratoria cr\u00f3nica etc).<\/p>\n\n\n\n<p>A\u00fan no se recomienda el pasaporte sanitario para el ingreso y permanencia en los establecimientos de educaci\u00f3n obligatoria. <strong>No obstante desde el comit\u00e9 decidieron impulsa la continuidad del plan de inmunizaci\u00f3n para docentes a partir del 07 de febrero de 2022 para todos aquellos docentes puedan inmunizarse con la 3er Dosis y completar a quienes a\u00fan les falte la 1ra u 2da dosis (se propone la 3er Dosis la vacuna Pfizer).<\/strong><\/p>\n\n\n\n<p>La convocatoria para los docentes ser\u00e1 realizada por el Concejo General de Educaci\u00f3n&nbsp; en forma nominal. A trav\u00e9s de una resoluci\u00f3n, s<strong>e habilitar\u00e1 la presentaci\u00f3n del consentimiento autorizando la vacunaci\u00f3n contra el covid19 a trav\u00e9s de los cuadernos de comunicaciones, donde los padres o tutores har\u00e1n uso de su patria potestad para autorizar o no, la aplicaci\u00f3n de las vacunas contra COVID 19 en las instituciones escolares.<\/strong><\/p>\n","protected":false},"excerpt":{"rendered":"<p>El Comit\u00e9 Cient\u00edfico de la Vice gobernaci\u00f3n recomienda a los padres de alumnos de m\u00e1s<\/p>\n","protected":false},"author":1,"featured_media":25158,"comment_status":"open","ping_status":"open","sticky":false,"template":"","format":"standard","meta":{"footnotes":""},"categories":[1,226],"tags":[],"class_list":["post-25157","post","type-post","status-publish","format-standard","has-post-thumbnail","hentry","category-actualidad","category-locales"],"_links":{"self":[{"href":"https:\/\/actualizateiguazu.com\/v3\/wp-json\/wp\/v2\/posts\/25157","targetHints":{"allow":["GET"]}}],"collection":[{"href":"https:\/\/actualizateiguazu.com\/v3\/wp-json\/wp\/v2\/posts"}],"about":[{"href":"https:\/\/actualizateiguazu.com\/v3\/wp-json\/wp\/v2\/types\/post"}],"author":[{"embeddable":true,"href":"https:\/\/actualizateiguazu.com\/v3\/wp-json\/wp\/v2\/users\/1"}],"replies":[{"embeddable":true,"href":"https:\/\/actualizateiguazu.com\/v3\/wp-json\/wp\/v2\/comments?post=25157"}],"version-history":[{"count":0,"href":"https:\/\/actualizateiguazu.com\/v3\/wp-json\/wp\/v2\/posts\/25157\/revisions"}],"wp:featuredmedia":[{"embeddable":true,"href":"https:\/\/actualizateiguazu.com\/v3\/wp-json\/"}],"wp:attachment":[{"href":"https:\/\/actualizateiguazu.com\/v3\/wp-json\/wp\/v2\/media?parent=25157"}],"wp:term":[{"taxonomy":"category","embeddable":true,"href":"https:\/\/actualizateiguazu.com\/v3\/wp-json\/wp\/v2\/categories?post=25157"},{"taxonomy":"post_tag","embeddable":true,"href":"https:\/\/actualizateiguazu.com\/v3\/wp-json\/wp\/v2\/tags?post=25157"}],"curies":[{"name":"wp","href":"https:\/\/api.w.org\/{rel}","templated":true}]}}