{"id":25182,"date":"2022-01-30T20:29:49","date_gmt":"2022-01-30T23:29:49","guid":{"rendered":"http:\/\/actualizateiguazu.com\/?p=25182"},"modified":"2022-01-30T20:29:49","modified_gmt":"2022-01-30T23:29:49","slug":"detuvieron-a-un-presunto-boquetero-en-puerto-iguazu","status":"publish","type":"post","link":"https:\/\/actualizateiguazu.com\/v3\/2022\/01\/30\/detuvieron-a-un-presunto-boquetero-en-puerto-iguazu\/","title":{"rendered":"Detuvieron a un presunto \u00abboquetero\u00bb en Puerto Iguaz\u00fa"},"content":{"rendered":"\n<p>Hoy por la tarde pasadas las 15:30 horas, los efectivos de la comisar\u00eda 1.\u00aa de la Unidad Regional V, detuvieron a un joven de 29 a\u00f1os sindicado en un hecho de robo a un local comercial ubicado en el barrio Villa Florida.<\/p>\n\n\n\n<p>Seg\u00fan el relato de la damnificada, esta se encontraba en el interior de su vivienda cuando escuch\u00f3 un fuerte golpe, inmediatamente alert\u00f3 a su hijo qui\u00e9n constat\u00f3 que un desconocido intentaba ingresar al local comercial a trav\u00e9s de un boquete que realiz\u00f3 en la parte posterior del inmueble.<\/p>\n\n\n\n<figure class=\"wp-block-image size-large\"><img decoding=\"async\" src=\"http:\/\/actualizateiguazu.com\/wp-content\/uploads\/2022\/01\/IMG-20220130-WA0094-812x700.jpg\" alt=\"\" class=\"wp-image-25184\"\/><\/figure>\n\n\n\n<p>Situaci\u00f3n que termin\u00f3 con la demora del joven por parte de los due\u00f1os de la propiedad hasta que llegaron los uniformados a detenerlo. Asimismo, a trav\u00e9s de averiguaciones se pudo establecer que el sindicado ya posee otras causas por esta misma modalidad.<\/p>\n\n\n\n<p>El detenido fue alojado en sede policial a disposici\u00f3n del Juzgado de Instrucci\u00f3n N.\u00ba 3 de Puerto. En cuanto a los afectados, estos se acercaron a la dependencia y efectuaron la denuncia.<\/p>\n","protected":false},"excerpt":{"rendered":"<p>Hoy por la tarde pasadas las 15:30 horas, los efectivos de la comisar\u00eda 1.\u00aa de<\/p>\n","protected":false},"author":1,"featured_media":25183,"comment_status":"open","ping_status":"open","sticky":false,"template":"","format":"standard","meta":{"footnotes":""},"categories":[228],"tags":[],"class_list":["post-25182","post","type-post","status-publish","format-standard","has-post-thumbnail","hentry","category-policiales"],"_links":{"self":[{"href":"https:\/\/actualizateiguazu.com\/v3\/wp-json\/wp\/v2\/posts\/25182","targetHints":{"allow":["GET"]}}],"collection":[{"href":"https:\/\/actualizateiguazu.com\/v3\/wp-json\/wp\/v2\/posts"}],"about":[{"href":"https:\/\/actualizateiguazu.com\/v3\/wp-json\/wp\/v2\/types\/post"}],"author":[{"embeddable":true,"href":"https:\/\/actualizateiguazu.com\/v3\/wp-json\/wp\/v2\/users\/1"}],"replies":[{"embeddable":true,"href":"https:\/\/actualizateiguazu.com\/v3\/wp-json\/wp\/v2\/comments?post=25182"}],"version-history":[{"count":0,"href":"https:\/\/actualizateiguazu.com\/v3\/wp-json\/wp\/v2\/posts\/25182\/revisions"}],"wp:featuredmedia":[{"embeddable":true,"href":"https:\/\/actualizateiguazu.com\/v3\/wp-json\/"}],"wp:attachment":[{"href":"https:\/\/actualizateiguazu.com\/v3\/wp-json\/wp\/v2\/media?parent=25182"}],"wp:term":[{"taxonomy":"category","embeddable":true,"href":"https:\/\/actualizateiguazu.com\/v3\/wp-json\/wp\/v2\/categories?post=25182"},{"taxonomy":"post_tag","embeddable":true,"href":"https:\/\/actualizateiguazu.com\/v3\/wp-json\/wp\/v2\/tags?post=25182"}],"curies":[{"name":"wp","href":"https:\/\/api.w.org\/{rel}","templated":true}]}}