{"id":25236,"date":"2022-02-01T15:22:35","date_gmt":"2022-02-01T18:22:35","guid":{"rendered":"http:\/\/actualizateiguazu.com\/?p=25236"},"modified":"2022-02-01T15:22:35","modified_gmt":"2022-02-01T18:22:35","slug":"herrera-ahuad-puso-en-funciones-a-los-nuevos-ministros-del-ejecutivo-provincial","status":"publish","type":"post","link":"https:\/\/actualizateiguazu.com\/v3\/2022\/02\/01\/herrera-ahuad-puso-en-funciones-a-los-nuevos-ministros-del-ejecutivo-provincial\/","title":{"rendered":"Herrera Ahuad puso en funciones a los nuevos ministros del ejecutivo provincial"},"content":{"rendered":"\n<p>El Gobernador tom\u00f3 juramento a los nuevos ministros de tres carteras provinciales. De esta manera, Fernando Meza en Desarrollo Social, Liliana Rodr\u00edguez en Acci\u00f3n Cooperativa y Karina Aguirre en Derechos Humanos se integraron al Gabinete. Herrera Ahuad destac\u00f3 las designaciones como continuidad de la gesti\u00f3n provincial.<\/p>\n\n\n\n<p>Esta ma\u00f1ana, el gobernador Oscar Herrera Ahuad puso en funciones a los tres ministros designados para integrar el Gabinete Provincial. La toma de juramento se realiz\u00f3 en la Sala de Situaci\u00f3n de Casa de Gobierno ante la presencia del vicegobernador Carlos Arce, autoridades ejecutivas y legislativas. En el acto, el jefe del Gobierno provincial afirm\u00f3 que es \u201c<strong>un momento muy particular que da continuidad a la gesti\u00f3n con otros nombres en ministerios que hacen al trabajo del d\u00eda a d\u00eda y con enorme responsabilidad en esas diferentes \u00e1reas del gobierno<\/strong>\u201d.<\/p>\n\n\n\n<p>Asimismo, recalc\u00f3 la figura del presidente de la C\u00e1mara de Representantes, Carlos Rovira, por la confianza en la continuidad del trabajo y gesti\u00f3n del Gobierno provincial. Al mismo tiempo, dese\u00f3 muchos \u00e9xitos a los flamantes funcionarios al frente a los ministerios que sum\u00f3 como titulares desde el d\u00eda de la fecha. Asegur\u00f3 que su gesti\u00f3n debe aferrarse \u201cal trabajo, a la dedicaci\u00f3n exclusiva, que es para lo que la gente nos ha elegido y nos ha dado la oportunidad de gobernar\u201d.<\/p>\n\n\n\n<p>Por \u00faltimo, reflexion\u00f3 sobre la importancia de la cercan\u00eda con el pueblo misionero, \u201ca<strong>\u00fan m\u00e1s en tiempos con dificultades que se van sumando d\u00eda a d\u00eda, pero ah\u00ed estamos. Es nuestro deber afrontar, c\u00f3mo lo hacemos siempre, con la cabeza en alto y con el temple necesario para llevar adelante las pol\u00edticas p\u00fablicas en nuestra provincia<\/strong>\u201d.<\/p>\n\n\n\n<figure class=\"wp-block-image size-large\"><img decoding=\"async\" src=\"http:\/\/actualizateiguazu.com\/wp-content\/uploads\/2022\/02\/01-02-2022-Jura-de-nuevos-ministros-del-Gabinete-Provincial-2-1170x700.jpeg\" alt=\"\" class=\"wp-image-25238\"\/><\/figure>\n\n\n\n<p><strong>Los nuevos ministros<\/strong><\/p>\n\n\n\n<p>La primera persona en prestar juramento fue<strong> Liliana Rodr\u00edguez, que asumi\u00f3 funciones como ministra de Acci\u00f3n Cooperativa Mutual<\/strong>, Comercio e Integraci\u00f3n. Antes cumpli\u00f3\u00a0 funciones como diputada provincial. Luego fue el turno de <strong>Fernando Meza que jur\u00f3 como ministro de Desarrollo Social<\/strong>, y anteriormente ocupaba el cargo de edil de la ciudad de Posadas. Por \u00faltimo, prest\u00f3 juramento <strong>Karina Aguirre como ministra de Derechos Humanos.<\/strong> La funcionaria antes de este cargo se desempe\u00f1aba como titular de Acci\u00f3n Cooperativa.<\/p>\n\n\n\n<p>As\u00ed, con nuevos nombres se realiz\u00f3 el recambio de gabinete que da continuidad a las pol\u00edticas p\u00fablicas del actual Gobierno Provincial.<\/p>\n\n\n\n<p>Acompa\u00f1aron la jura el ministro coordinador de Gabinete, Ricardo Wellbach; el ministro de Gobierno, Marcelo P\u00e9rez; los diputados provinciales, Mart\u00edn Cesino y Sonia Rojas Decut; el titular de IMAS, Joaqu\u00edn S\u00e1nchez y el intendente de Posadas, Leonardo Stelatto.<\/p>\n","protected":false},"excerpt":{"rendered":"<p>El Gobernador tom\u00f3 juramento a los nuevos ministros de tres carteras provinciales. De esta manera,<\/p>\n","protected":false},"author":1,"featured_media":25237,"comment_status":"open","ping_status":"open","sticky":false,"template":"","format":"standard","meta":{"footnotes":""},"categories":[1,226],"tags":[],"class_list":["post-25236","post","type-post","status-publish","format-standard","has-post-thumbnail","hentry","category-actualidad","category-locales"],"_links":{"self":[{"href":"https:\/\/actualizateiguazu.com\/v3\/wp-json\/wp\/v2\/posts\/25236","targetHints":{"allow":["GET"]}}],"collection":[{"href":"https:\/\/actualizateiguazu.com\/v3\/wp-json\/wp\/v2\/posts"}],"about":[{"href":"https:\/\/actualizateiguazu.com\/v3\/wp-json\/wp\/v2\/types\/post"}],"author":[{"embeddable":true,"href":"https:\/\/actualizateiguazu.com\/v3\/wp-json\/wp\/v2\/users\/1"}],"replies":[{"embeddable":true,"href":"https:\/\/actualizateiguazu.com\/v3\/wp-json\/wp\/v2\/comments?post=25236"}],"version-history":[{"count":0,"href":"https:\/\/actualizateiguazu.com\/v3\/wp-json\/wp\/v2\/posts\/25236\/revisions"}],"wp:featuredmedia":[{"embeddable":true,"href":"https:\/\/actualizateiguazu.com\/v3\/wp-json\/"}],"wp:attachment":[{"href":"https:\/\/actualizateiguazu.com\/v3\/wp-json\/wp\/v2\/media?parent=25236"}],"wp:term":[{"taxonomy":"category","embeddable":true,"href":"https:\/\/actualizateiguazu.com\/v3\/wp-json\/wp\/v2\/categories?post=25236"},{"taxonomy":"post_tag","embeddable":true,"href":"https:\/\/actualizateiguazu.com\/v3\/wp-json\/wp\/v2\/tags?post=25236"}],"curies":[{"name":"wp","href":"https:\/\/api.w.org\/{rel}","templated":true}]}}