{"id":25243,"date":"2022-02-01T20:41:43","date_gmt":"2022-02-01T23:41:43","guid":{"rendered":"http:\/\/actualizateiguazu.com\/?p=25243"},"modified":"2022-02-01T20:41:43","modified_gmt":"2022-02-01T23:41:43","slug":"filippa-con-total-honestidad-nos-hemos-quedado-en-el-tiempo","status":"publish","type":"post","link":"https:\/\/actualizateiguazu.com\/v3\/2022\/02\/01\/filippa-con-total-honestidad-nos-hemos-quedado-en-el-tiempo\/","title":{"rendered":"Filippa \u201cCon total honestidad, nos hemos quedado en el tiempo\u201d"},"content":{"rendered":"\n<p>En la ma\u00f1ana del martes 1 de febrero se llev\u00f3 a cabo la apertura del ciclo de sesiones ordinarias del Concejo Deliberante. Tal como lo indica el art\u00edculo 88 Inciso \u201cC\u201d de la Carta Org\u00e1nica Municipal, el Intendente es el encargado de dejar inaugurado el Periodo de Sesiones Ordinarias, rindiendo un informe sobre su gesti\u00f3n, medidas y planes que considere necesario para el periodo que se inicia. En ese contexto el jefe comunal de Puerto Iguaz\u00fa Claudio Filippa destac\u00f3 el acompa\u00f1amiento del gobierno provincial en la recuperaci\u00f3n econ\u00f3mica de la ciudad y los proyectos de modernizaci\u00f3n que se ejecutan por parte de vialidad provincial, en ese contexto<strong> reconoci\u00f3 que Iguaz\u00fa se qued\u00f3 en el tiempo.<\/strong><\/p>\n\n\n\n<p>El primer Concejo Deliberante de la provincia que vuelve a sus funciones es el de la Ciudad de las Cataratas esto se debe al cumplimiento del\u00a0 art\u00edculo 540 de la Carta Org\u00e1nica Municipal y el Art\u00edculo 13 del Reglamento Interno del Cuerpo, que establecen que el cuerpo legislativo se reunir\u00e1 en sesiones ordinarias desde el 1 de Febrero hasta el 20 de Diciembre de cada a\u00f1o. Para la apertura el ejecutivo municipal brinda un balance y anticipa las obras que se ejecutaran con el presupuesto aprobado. <strong>Cabe destacar que los ediles dejaron claro que uno\u00a0 de los temas m\u00e1s urgentes a resolver es el ordenamiento y racionamiento del combustible teniendo en cuenta que el problema real es la disminuci\u00f3n del cupo que entregan las petroleras que reclaman la suba del precio del combustibl<\/strong>e.<\/p>\n\n\n\n<figure class=\"wp-block-image size-large\"><img decoding=\"async\" src=\"http:\/\/actualizateiguazu.com\/wp-content\/uploads\/2022\/02\/IMG_20220201_091935221-1170x700.jpg\" alt=\"\" class=\"wp-image-25245\"\/><\/figure>\n\n\n\n<p>Durante su exposici\u00f3n Claudio Filippa, en todo tiempo<strong> record\u00f3 que la ciudad est\u00e1 en un periodo de recuperaci\u00f3n debido a la paralizaci\u00f3n por la pandemia y recalco que se realizaron obras que estuvieron al alcance del presupuesto, siempre priorizando el pago de los haberes a los empleados<\/strong>. No obstante, mencion\u00f3 que desde el municpio trabajaron en acciones sociales, como ser distribuci\u00f3n de alimentos a los merenderos aportando tambi\u00e9n de las arcas municipales ya que el dinero que llega de la provincia no alcanza para asistir a todos los merenderos que se han multiplicado en los \u00faltimos tiempos.<\/p>\n\n\n\n<p>\u201c<strong>recibimos desde el 2019 un monto de 700 mil pesos de la provincia, el monto no se ha modificado, es decir que actualmente para satisfacer la demanda el municipio aporta 600 mil pesos por mes. Adem\u00e1s continuamos asistiendo a las familias m\u00e1s vulnerables con los sepelios, esto cuesta al municipio 90 mil pesos por cada ayuda. El costo es muy elevado es por ello que estamos buscando convenios en otros puntos de la provincia para abaratar los costos<\/strong>\u201d explic\u00f3 Filippa<\/p>\n\n\n\n<p>Filippa recalc\u00f3 que la recaudaci\u00f3n de los dos \u00faltimos a\u00f1os se vio reducida e incluso muchos de los tr\u00e1mites habituales han disminuido y brind\u00f3 como ejemplo que la emisi\u00f3n de carnet de conducir en el ultimo a\u00f1o se redujo un 37 por ciento. <strong>Asimismo hizo referencia a la necesidad de que el contribuyente abone la tasa general de Inmuebles para que se pueda invertir el dinero en la reparaci\u00f3n del parque vial que estaba bastante complicado<\/strong>.<\/p>\n\n\n\n<p>\u201c<strong>Estamos con falencias en la recolecci\u00f3n de residuos tenemos 4 camiones compactadores en reparaci\u00f3n sin contar otras m\u00e1quinas fuera de servicio que debemos enviar a Wanda porque nuestros mec\u00e1nicos est\u00e1n con mucha demanda. Los repuestos son caros y no estamos en condiciones de comprar m\u00f3viles cero kil\u00f3metros, nuestro presupuesto es limitado<\/strong>\u201d reconoci\u00f3<\/p>\n\n\n\n<figure class=\"wp-block-image size-large\"><img decoding=\"async\" src=\"http:\/\/actualizateiguazu.com\/wp-content\/uploads\/2022\/02\/IMG_20220121_104741556-1170x700.jpg\" alt=\"\" class=\"wp-image-25246\"\/><\/figure>\n\n\n\n<p>Adem\u00e1s, recalc\u00f3 en que se ha trabajado en conjunto con la provincia en los proyectos que se est\u00e1n ejecutando en la ciudad, <strong>hizo especial \u00e9nfasis en el aporte por parte del gobernador Oscar Herrera Ahuad que desde el a\u00f1o pasado est\u00e1 trabajando para mejorar los servicios de distribuci\u00f3n de agua potable, Energ\u00eda El\u00e9ctrica y ordenamiento urbano <\/strong>\u201cNuestro gobernador tiene la camiseta puesta de Iguaz\u00fa y est\u00e1 decidido a cambiar la cara de la ciudad y que los vecinos puedan contar con los servicios como debe ser\u201d y agreg\u00f3 \u201c<strong>Con total Honestidad, les digo, a los concejales, la prensa y los vecinos, nos hemos quedado en el tiemp<\/strong>o\u201d<\/p>\n\n\n\n<p>Fillippa hizo un paralelismo entre Foz do Iguazu y Puerto Iguaz\u00fa, resalt\u00f3 que la vecina ciudad avanzo a pasos agigantados y reflexion\u00f3 \u201c\u00bfSaben porque Foz avanza?\u00a0 Porque los brasileros avanzan no ponen palos en la rueda, ac\u00e1 eso no se puede porque siempre hay que estar mirando para atr\u00e1s y cuidando los laterales de los ataques\u201d<\/p>\n\n\n\n<p>Para finalizar Filippa se refiri\u00f3 al problema de abastecimiento de agua potable, <strong>pidi\u00f3 disculpas a la comunidad y manifest\u00f3 entender el enojo de la comunidad, sin embargo explico que las obras se est\u00e1n ejecutando para resolver los problemas de fondo<\/strong>. \u201cLa obra de la segunda planta comenz\u00f3 en el 2.012, se paraliz\u00f3 en el 2.015. Intentamos con Pasalacqua conseguir los fondos para culminar la obra, no pudimos. <strong>Pero cuando en el 2.019 se quem\u00f3 la bomba Oscar Herrera Ahuad decidi\u00f3 que la provincia iba a poner los fondos y est\u00e1 comprometido a que se solucione la problem\u00e1tica del agua<\/strong>\u201d remat\u00f3<\/p>\n","protected":false},"excerpt":{"rendered":"<p>En la ma\u00f1ana del martes 1 de febrero se llev\u00f3 a cabo la apertura del<\/p>\n","protected":false},"author":1,"featured_media":25244,"comment_status":"open","ping_status":"open","sticky":false,"template":"","format":"standard","meta":{"footnotes":""},"categories":[1,226],"tags":[],"class_list":["post-25243","post","type-post","status-publish","format-standard","has-post-thumbnail","hentry","category-actualidad","category-locales"],"_links":{"self":[{"href":"https:\/\/actualizateiguazu.com\/v3\/wp-json\/wp\/v2\/posts\/25243","targetHints":{"allow":["GET"]}}],"collection":[{"href":"https:\/\/actualizateiguazu.com\/v3\/wp-json\/wp\/v2\/posts"}],"about":[{"href":"https:\/\/actualizateiguazu.com\/v3\/wp-json\/wp\/v2\/types\/post"}],"author":[{"embeddable":true,"href":"https:\/\/actualizateiguazu.com\/v3\/wp-json\/wp\/v2\/users\/1"}],"replies":[{"embeddable":true,"href":"https:\/\/actualizateiguazu.com\/v3\/wp-json\/wp\/v2\/comments?post=25243"}],"version-history":[{"count":0,"href":"https:\/\/actualizateiguazu.com\/v3\/wp-json\/wp\/v2\/posts\/25243\/revisions"}],"wp:featuredmedia":[{"embeddable":true,"href":"https:\/\/actualizateiguazu.com\/v3\/wp-json\/"}],"wp:attachment":[{"href":"https:\/\/actualizateiguazu.com\/v3\/wp-json\/wp\/v2\/media?parent=25243"}],"wp:term":[{"taxonomy":"category","embeddable":true,"href":"https:\/\/actualizateiguazu.com\/v3\/wp-json\/wp\/v2\/categories?post=25243"},{"taxonomy":"post_tag","embeddable":true,"href":"https:\/\/actualizateiguazu.com\/v3\/wp-json\/wp\/v2\/tags?post=25243"}],"curies":[{"name":"wp","href":"https:\/\/api.w.org\/{rel}","templated":true}]}}