{"id":25527,"date":"2022-02-13T09:16:53","date_gmt":"2022-02-13T12:16:53","guid":{"rendered":"http:\/\/actualizateiguazu.com\/?p=25527"},"modified":"2022-02-13T09:16:53","modified_gmt":"2022-02-13T12:16:53","slug":"fallecio-adriano-benitez-lider-espiritual-de-fortin-mborore","status":"publish","type":"post","link":"https:\/\/actualizateiguazu.com\/v3\/2022\/02\/13\/fallecio-adriano-benitez-lider-espiritual-de-fortin-mborore\/","title":{"rendered":"Falleci\u00f3 Adriano Ben\u00edtez, l\u00edder espiritual de Fort\u00edn Mboror\u00e9"},"content":{"rendered":"\n<p><strong>El pueblo mbya guaran\u00ed despide con dolor al sabio Adriano Ben\u00edtez, l\u00edder espiritual de la comunidad Fort\u00edn Mboror\u00e9 de Puerto Iguaz\u00fa y referente incansable de la lucha por la tierra y la preservaci\u00f3n de la selva misionera.<\/strong><\/p>\n\n\n\n<p>Adriano emprendi\u00f3 su camino hacia la Tierra sin Mal el pasado viernes 11 de febrero a primera hora de la ma\u00f1ana, estaba en su casa de la aldea Tekoa Mboror\u00e9 donde resid\u00eda hace 30 a\u00f1os.<\/p>\n\n\n\n<p><strong>Ten\u00eda 85 a\u00f1os y aunque era muy fuerte, seg\u00fan cont\u00f3 su familia, \u00faltimamente le aquejaban problemas de salud y debi\u00f3 ser hospitalizado en varias ocasiones. A finales del a\u00f1o pasado adem\u00e1s, hab\u00eda perdido a su compa\u00f1era de vida Florinda Villalba, madre de sus hijos<\/strong>.<\/p>\n\n\n\n<p>El abuelo Adriano, buen conversador en tono pausado y bajito y siempre acompa\u00f1ado de terer\u00e9 de yuyo, era un hombre paciente y de gran generosidad y sabidur\u00eda lo describen los suyos.<\/p>\n\n\n\n<p><strong>En su rol de opygua dio el nombre espiritual a los ni\u00f1os en los bautismos y se dedic\u00f3 a curar el alma y el cuerpo de quienes acud\u00edan -de cerca y desde muy lejos- a su ayuda buscando consejo y sanaci\u00f3n. Ten\u00eda los conocimientos y una memoria prodigiosa para reconocer las hierbas medicinales y sus propiedades.<\/strong><\/p>\n\n\n\n<p>Luis Chamorro, uno de sus nietos e integrante de la banda de hip hop Ha\u2019\u00e9 Kuera \u00d1and\u00e9 Kuera, en di\u00e1logo con El Territorio, lo record\u00f3 cari\u00f1osamente y resalt\u00f3 el legado de Adriano para el cuidado del territorio y la transmisi\u00f3n y preservaci\u00f3n de la cultural ancestral guaran\u00ed.<\/p>\n\n\n\n<p>\u201cEl abuelo es de San Pablo, Brasil, despu\u00e9s vino m\u00e1s cerca de la frontera con Argentina, vivi\u00f3 tambi\u00e9n en el Paraguay, cuando lleg\u00f3 a Misiones estuvo en Andresito y despu\u00e9s vino a Mboror\u00e9 cuando eran pocas familias y ah\u00ed con otros ancianos se comenzaron a movilizar por el territorio\u201d, cont\u00f3.<\/p>\n\n\n\n<p>De joven migraba mucho y en incontables ocasiones viaj\u00f3 a Posadas con sus pares para enterar a las autoridades sobre la realidad y necesidades de su pueblo y, ya en sus \u00faltimos a\u00f1os no sal\u00eda tanto.<\/p>\n\n\n\n<p>\u201c<strong>A lo \u00faltimo s\u00f3lo sal\u00eda de su casa para vernos jugar al f\u00fatbol en la canchita de la aldea, le gustaba mucho el f\u00fatbol, tambi\u00e9n la m\u00fasica que escuchaba en la radio y el terer\u00e9, ten\u00edamos largas charlas y siempre me estaba ense\u00f1ando algo\u201d, relat\u00f3 Luis y continu\u00f3, \u201cde \u00e9l aprend\u00ed mucho de la medicina tradicional mbya, de la forma de ver la vida y del respeto a la naturaleza, que es lo m\u00e1s importante porque es la base de la vida<\/strong>\u201d.<\/p>\n\n\n\n<p>De las verdades que escuch\u00f3 de su ancestro confi\u00f3 una trascendental: \u201cAl abuelo le preocupaba mucho lo que estaba pasando con el monte, con el tema del avance sobre la selva, la tala de \u00e1rboles, que los mbya ya no tenemos c\u00f3mo pescar, tambi\u00e9n ya le costaba encontrar algunas plantas medicinales. Nos dec\u00eda que cuidemos el monte y que luchemos por la naturaleza, porque si se termina el monte se termina la cultura mbya, que en el monte el mbya tiene la vida\u201d.<\/p>\n\n\n\n<p><strong>Reconocimiento<\/strong><\/p>\n\n\n\n<p>Cuando se conoci\u00f3 la noticia del fallecimiento del l\u00edder espiritual desde distintos puntos de la provincia hicieron llegar las condolencias y afecto a la familia y la comunidad.<\/p>\n\n\n\n<p>El docente Javier Rodas, investigador de la cultura guaran\u00ed y coautor del \u2018Primer Diccionario Mbya-Espa\u00f1ol\u2019 con Carlos Ben\u00edtez, escribi\u00f3 en su p\u00e1gina Cr\u00f3nicas de la Tierra sin Mal: \u201cYa est\u00e1s en el \u2018Yvy Marae\u2019 querido abuelo Adriano Ben\u00edtez, opygua (l\u00edder espiritual\/cham\u00e1n) de Tekoa Mboror\u00e9. Muchos a\u00f1os de compartir tus ense\u00f1anzas desde la ancestral y milenaria Naci\u00f3n Mbya Guaran\u00ed. Gracias por tu generosidad de siempre que traspuso los l\u00edmites aldeanos llevando sanaci\u00f3n corporal y espiritual a las personas\u201d.<\/p>\n\n\n\n<p>En comunicaci\u00f3n con este medio Rodas refiri\u00f3, \u201cera opygua sanador de la gente, y no s\u00f3lo lo buscaban personas de la aldea, sino de la sociedad envolvente de la ciudad y de Paraguay y Brasil\u201d. Y resalt\u00f3 que en la cultura guaran\u00ed los ancianos son venerados y su voz muy respetada; \u201cla palabra de los ancianos es escuchada en las asambleas y es tenida en cuenta en la toma de decisiones para la vida en comunidad\u201d.<\/p>\n\n\n\n<p>Fuente. El Territorio<\/p>\n","protected":false},"excerpt":{"rendered":"<p>El pueblo mbya guaran\u00ed despide con dolor al sabio Adriano Ben\u00edtez, l\u00edder espiritual de la<\/p>\n","protected":false},"author":1,"featured_media":25528,"comment_status":"open","ping_status":"open","sticky":false,"template":"","format":"standard","meta":{"footnotes":""},"categories":[1,222,226],"tags":[],"class_list":["post-25527","post","type-post","status-publish","format-standard","has-post-thumbnail","hentry","category-actualidad","category-cultura","category-locales"],"_links":{"self":[{"href":"https:\/\/actualizateiguazu.com\/v3\/wp-json\/wp\/v2\/posts\/25527","targetHints":{"allow":["GET"]}}],"collection":[{"href":"https:\/\/actualizateiguazu.com\/v3\/wp-json\/wp\/v2\/posts"}],"about":[{"href":"https:\/\/actualizateiguazu.com\/v3\/wp-json\/wp\/v2\/types\/post"}],"author":[{"embeddable":true,"href":"https:\/\/actualizateiguazu.com\/v3\/wp-json\/wp\/v2\/users\/1"}],"replies":[{"embeddable":true,"href":"https:\/\/actualizateiguazu.com\/v3\/wp-json\/wp\/v2\/comments?post=25527"}],"version-history":[{"count":0,"href":"https:\/\/actualizateiguazu.com\/v3\/wp-json\/wp\/v2\/posts\/25527\/revisions"}],"wp:featuredmedia":[{"embeddable":true,"href":"https:\/\/actualizateiguazu.com\/v3\/wp-json\/"}],"wp:attachment":[{"href":"https:\/\/actualizateiguazu.com\/v3\/wp-json\/wp\/v2\/media?parent=25527"}],"wp:term":[{"taxonomy":"category","embeddable":true,"href":"https:\/\/actualizateiguazu.com\/v3\/wp-json\/wp\/v2\/categories?post=25527"},{"taxonomy":"post_tag","embeddable":true,"href":"https:\/\/actualizateiguazu.com\/v3\/wp-json\/wp\/v2\/tags?post=25527"}],"curies":[{"name":"wp","href":"https:\/\/api.w.org\/{rel}","templated":true}]}}