{"id":25540,"date":"2022-02-13T16:56:29","date_gmt":"2022-02-13T19:56:29","guid":{"rendered":"http:\/\/actualizateiguazu.com\/?p=25540"},"modified":"2022-02-13T16:56:29","modified_gmt":"2022-02-13T19:56:29","slug":"hallaron-el-cuerpo-de-sexagenario-en-avanzado-estado-de-descomposicion","status":"publish","type":"post","link":"https:\/\/actualizateiguazu.com\/v3\/2022\/02\/13\/hallaron-el-cuerpo-de-sexagenario-en-avanzado-estado-de-descomposicion\/","title":{"rendered":"Hallaron el cuerpo de sexagenario en avanzado estado de descomposici\u00f3n"},"content":{"rendered":"\n<p>En la\u00a0 tarde del domingo los Bomberos Voluntarios de Iguaz\u00fa acudieron al llamado de la polic\u00eda de Misiones tras el hallazgo del cuerpo sin vida de un sexagenario que se encontraba en avanzado estado de descomposici\u00f3n. <strong>Los vecinos dieron aviso a la polic\u00eda tras percibir un olor nauseabundo que sal\u00eda de la vivienda donde resid\u00eda el occiso<\/strong>.<\/p>\n\n\n\n<figure class=\"wp-block-image size-large\"><img decoding=\"async\" src=\"http:\/\/actualizateiguazu.com\/wp-content\/uploads\/2022\/02\/WhatsApp-Image-2022-02-13-at-16.26.41-1170x700.jpeg\" alt=\"\" class=\"wp-image-25542\"\/><\/figure>\n\n\n\n<p>Seg\u00fan los primeros datos dados a conocer, el hallazgo se produjo en una vivienda precaria ubicada en barrio Las Le\u00f1as de Puerto Iguaz\u00fa, <strong>fueron\u00a0 los vecinos que encontraron el cuerpo que reposaba sobra la cama. Estos se aventuraron a ingresar a la vivienda tras percibir el fuerte olor que sal\u00eda de la casa. Encontraron el cuerpo que se encontraba en avanzado estado de descomposici\u00f3n<\/strong><\/p>\n\n\n\n<p>Bomberos trabajaron en la extracci\u00f3n y traslado del cuerpo al morgue que ser\u00e1 env\u00eda a autopsia a fin de determinar la causa de la muerte. S<strong>eg\u00fan el testimonio de los vecinos el hombre se encontraba en<\/strong> <strong>silla de ruedas<\/strong>.<\/p>\n","protected":false},"excerpt":{"rendered":"<p>En la\u00a0 tarde del domingo los Bomberos Voluntarios de Iguaz\u00fa acudieron al llamado de la<\/p>\n","protected":false},"author":1,"featured_media":25541,"comment_status":"open","ping_status":"open","sticky":false,"template":"","format":"standard","meta":{"footnotes":""},"categories":[228],"tags":[],"class_list":["post-25540","post","type-post","status-publish","format-standard","has-post-thumbnail","hentry","category-policiales"],"_links":{"self":[{"href":"https:\/\/actualizateiguazu.com\/v3\/wp-json\/wp\/v2\/posts\/25540","targetHints":{"allow":["GET"]}}],"collection":[{"href":"https:\/\/actualizateiguazu.com\/v3\/wp-json\/wp\/v2\/posts"}],"about":[{"href":"https:\/\/actualizateiguazu.com\/v3\/wp-json\/wp\/v2\/types\/post"}],"author":[{"embeddable":true,"href":"https:\/\/actualizateiguazu.com\/v3\/wp-json\/wp\/v2\/users\/1"}],"replies":[{"embeddable":true,"href":"https:\/\/actualizateiguazu.com\/v3\/wp-json\/wp\/v2\/comments?post=25540"}],"version-history":[{"count":0,"href":"https:\/\/actualizateiguazu.com\/v3\/wp-json\/wp\/v2\/posts\/25540\/revisions"}],"wp:featuredmedia":[{"embeddable":true,"href":"https:\/\/actualizateiguazu.com\/v3\/wp-json\/"}],"wp:attachment":[{"href":"https:\/\/actualizateiguazu.com\/v3\/wp-json\/wp\/v2\/media?parent=25540"}],"wp:term":[{"taxonomy":"category","embeddable":true,"href":"https:\/\/actualizateiguazu.com\/v3\/wp-json\/wp\/v2\/categories?post=25540"},{"taxonomy":"post_tag","embeddable":true,"href":"https:\/\/actualizateiguazu.com\/v3\/wp-json\/wp\/v2\/tags?post=25540"}],"curies":[{"name":"wp","href":"https:\/\/api.w.org\/{rel}","templated":true}]}}