{"id":25546,"date":"2022-02-13T20:24:58","date_gmt":"2022-02-13T23:24:58","guid":{"rendered":"http:\/\/actualizateiguazu.com\/?p=25546"},"modified":"2022-02-13T20:24:58","modified_gmt":"2022-02-13T23:24:58","slug":"desde-el-lunes-14-los-tests-de-covid-19-seran-en-el-caps-de-villa-alta","status":"publish","type":"post","link":"https:\/\/actualizateiguazu.com\/v3\/2022\/02\/13\/desde-el-lunes-14-los-tests-de-covid-19-seran-en-el-caps-de-villa-alta\/","title":{"rendered":"Desde el lunes 14 los tests de covid-19 ser\u00e1n en el CAPS de Villa Alta"},"content":{"rendered":"\n<p>Desde el \u00e1rea program\u00e1tica del Hospital SAMIC Iguaz\u00fa informaron que desde este lunes 14 de febrero el test gratuito de covid-19 se realizar\u00e1 en el Centro de Atenci\u00f3n primaria de la Salud (CAPS) ubicado en Calle Juan Bautista Alberdi Villa Alta. <strong>De lunes a viernes el horario de atenci\u00f3n es a partir de las 15hs y s\u00e1bados y domingo a las 8 de la ma\u00f1ana. Cabe recordar que la atenci\u00f3n es por orden de llegada, se recomienda acercarse a retirar n\u00famero antes del horario de atenci\u00f3n.<\/strong><\/p>\n\n\n\n<p>Se recuerda a la comunidad que el testeo gratuito est\u00e1 destinado a <strong>Mayores de 60 a\u00f1os de edad que no presenten s\u00edntomas pero son contactos estrechos pacientes positivos, personas con s\u00edntomas (sintom\u00e1ticos) y personas con co-morbilidades como ser diabetes, cardiopat\u00edas, enfermedades pulmonares cr\u00f3nicas, inmunosuprimidos (oncol\u00f3gicos, enfermedades autoinmunes, HIV, otros).<\/strong><\/p>\n\n\n\n<figure class=\"wp-block-image size-large\"><img decoding=\"async\" src=\"http:\/\/actualizateiguazu.com\/wp-content\/uploads\/2022\/02\/WhatsApp-Image-2022-02-13-at-20.23.21-1-1170x700.jpeg\" alt=\"\" class=\"wp-image-25548\"\/><\/figure>\n\n\n\n<p>Adem\u00e1s se informa toda la comunidad que contin\u00faa la campa\u00f1a de vacunaci\u00f3n contra el covid-19 en todos los CAPS de la ciudad.<\/p>\n","protected":false},"excerpt":{"rendered":"<p>Desde el \u00e1rea program\u00e1tica del Hospital SAMIC Iguaz\u00fa informaron que desde este lunes 14 de<\/p>\n","protected":false},"author":1,"featured_media":25547,"comment_status":"open","ping_status":"open","sticky":false,"template":"","format":"standard","meta":{"footnotes":""},"categories":[1,226],"tags":[],"class_list":["post-25546","post","type-post","status-publish","format-standard","has-post-thumbnail","hentry","category-actualidad","category-locales"],"_links":{"self":[{"href":"https:\/\/actualizateiguazu.com\/v3\/wp-json\/wp\/v2\/posts\/25546","targetHints":{"allow":["GET"]}}],"collection":[{"href":"https:\/\/actualizateiguazu.com\/v3\/wp-json\/wp\/v2\/posts"}],"about":[{"href":"https:\/\/actualizateiguazu.com\/v3\/wp-json\/wp\/v2\/types\/post"}],"author":[{"embeddable":true,"href":"https:\/\/actualizateiguazu.com\/v3\/wp-json\/wp\/v2\/users\/1"}],"replies":[{"embeddable":true,"href":"https:\/\/actualizateiguazu.com\/v3\/wp-json\/wp\/v2\/comments?post=25546"}],"version-history":[{"count":0,"href":"https:\/\/actualizateiguazu.com\/v3\/wp-json\/wp\/v2\/posts\/25546\/revisions"}],"wp:featuredmedia":[{"embeddable":true,"href":"https:\/\/actualizateiguazu.com\/v3\/wp-json\/"}],"wp:attachment":[{"href":"https:\/\/actualizateiguazu.com\/v3\/wp-json\/wp\/v2\/media?parent=25546"}],"wp:term":[{"taxonomy":"category","embeddable":true,"href":"https:\/\/actualizateiguazu.com\/v3\/wp-json\/wp\/v2\/categories?post=25546"},{"taxonomy":"post_tag","embeddable":true,"href":"https:\/\/actualizateiguazu.com\/v3\/wp-json\/wp\/v2\/tags?post=25546"}],"curies":[{"name":"wp","href":"https:\/\/api.w.org\/{rel}","templated":true}]}}