{"id":25550,"date":"2022-02-14T10:08:29","date_gmt":"2022-02-14T13:08:29","guid":{"rendered":"http:\/\/actualizateiguazu.com\/?p=25550"},"modified":"2022-02-14T10:08:29","modified_gmt":"2022-02-14T13:08:29","slug":"la-vuelta-a-clases-operativos-para-obtener-el-certificado-de-aptitud-fisica","status":"publish","type":"post","link":"https:\/\/actualizateiguazu.com\/v3\/2022\/02\/14\/la-vuelta-a-clases-operativos-para-obtener-el-certificado-de-aptitud-fisica\/","title":{"rendered":"La vuelta a clases: operativos para obtener el certificado de aptitud f\u00edsica"},"content":{"rendered":"\n<p>A tan solo 15 d\u00edas del inicio a clases, los padres se encuentran abocados a la compra de art\u00edculos escolares, uniformes y tambi\u00e9n deben completar la documentaci\u00f3n para que sus hijos puedan volver al aula. <strong>Adem\u00e1s de la documentaci\u00f3n personal que acredite la identidad del alumno, los requisitos m\u00e1s importantes son certificados que acredite la buena salud, ya sea de aptitud f\u00edsica o buco dental que pueden ser presentados hasta el mes de cumplea\u00f1os del alumno. &nbsp;No obstante, para agilizar los tr\u00e1mites en todos los CAPS de Puerto Iguaz\u00fa se est\u00e1n realizando los certificados y la Municipalidad junto a salud p\u00fablica organiza un operativo para la pr\u00f3xima semana<\/strong>.<\/p>\n\n\n\n<p>Desde el \u00e1rea program\u00e1tica del Hospital SAMIC de Iguaz\u00fa, Lilian Kisiel inform\u00f3 que el <strong>certificado de aptitud f\u00edsica se puede hacer en todos los CAPS que cuentan con atenci\u00f3n m\u00e9dica, ya el certificado Buco Dental, solamente en el Centro de Atenci\u00f3n primaria de la Salud del barrio Bel\u00e9n y en el CIC ya que solamente esos espacios cuentan con odont\u00f3logo.<\/strong><\/p>\n\n\n\n<p>Por su parte Kisiel insisti\u00f3 que est\u00e1n trabajando con el calendario de vacunaci\u00f3n \u201c<strong>en todos los CAPS estamos trabajando para completar el calendario de vacunaci\u00f3n de los ni\u00f1os, estamos trabajando casa por casa y estamos planificando un operativo con el equipo de Cu\u00eddate Iguaz\u00fa, es necesario que los ni\u00f1os completen el calendarios de vacunaci\u00f3n antes de volver a la escuela<\/strong>\u201d<\/p>\n\n\n\n<figure class=\"wp-block-image size-large\"><img decoding=\"async\" src=\"http:\/\/actualizateiguazu.com\/wp-content\/uploads\/2022\/02\/20181003_113335-1170x700.jpg\" alt=\"\" class=\"wp-image-25551\"\/><\/figure>\n\n\n\n<p>Por su parte desde la Municipalidad de Puerto Iguaz\u00fa, con la colaboraci\u00f3n de salud p\u00fablica, dieron a conocer que trabajan en un operativo para que todos los alumnos puedan acceder de forma gratuita a los certificados de aptitud f\u00edsica y buena salud bucal, para ello <strong>organizan un operativo denominado \u201cVuelta a Clases\u201d este se desarrollar\u00e1 del 21 al 25 de febrero. Para concurrir se deber\u00e1n sacar turno previo entre el 16 y 18 de febrero de 8 a 12hs en el Centro Integrador Comunitario.<\/strong><\/p>\n\n\n\n<p>Cabe destacar que est\u00e1 vigente el Decreto provincial 269\/19, el cual modifica el art\u00edculo 4 de la Ley Provincial XVII N.\u00ba 63. Que modifico la exigencia de completar la documentaci\u00f3n al inicio de clases. El cambio del art\u00edculo 4 del decreto N\u00b0 2167\/12 dice: \u201c<strong>Los certificados m\u00e9dicos y odontol\u00f3gicos deber\u00e1n solicitarse al alumno en el mes de su cumplea\u00f1os, sin que la falta de presentaci\u00f3n al inicio del ciclo lectivo condicione al educando el cursado del nivel educativo que le corresponda. Dichos certificados tendr\u00e1n un (1) a\u00f1o calendario de validez. Los ex\u00e1menes complementarios (como electrocardiogramas, rayos X u otros) ser\u00e1n adjuntados a dicha documentaci\u00f3n \u00fanicamente en aquellos casos en que el m\u00e9dico actuante ha considerado necesario realizarlos<\/strong>\u201d.<\/p>\n\n\n\n<p>El objetivo es evitar la concurrencia masiva a los centros de salud y hospitales, provocando agotamiento de turnos y largas esperas, adem\u00e1s de impedir que se vuelva un tr\u00e1mite administrativo y no garantice el chequeo del chico debidamente.<\/p>\n","protected":false},"excerpt":{"rendered":"<p>A tan solo 15 d\u00edas del inicio a clases, los padres se encuentran abocados a<\/p>\n","protected":false},"author":1,"featured_media":25552,"comment_status":"open","ping_status":"open","sticky":false,"template":"","format":"standard","meta":{"footnotes":""},"categories":[1,226],"tags":[],"class_list":["post-25550","post","type-post","status-publish","format-standard","has-post-thumbnail","hentry","category-actualidad","category-locales"],"_links":{"self":[{"href":"https:\/\/actualizateiguazu.com\/v3\/wp-json\/wp\/v2\/posts\/25550","targetHints":{"allow":["GET"]}}],"collection":[{"href":"https:\/\/actualizateiguazu.com\/v3\/wp-json\/wp\/v2\/posts"}],"about":[{"href":"https:\/\/actualizateiguazu.com\/v3\/wp-json\/wp\/v2\/types\/post"}],"author":[{"embeddable":true,"href":"https:\/\/actualizateiguazu.com\/v3\/wp-json\/wp\/v2\/users\/1"}],"replies":[{"embeddable":true,"href":"https:\/\/actualizateiguazu.com\/v3\/wp-json\/wp\/v2\/comments?post=25550"}],"version-history":[{"count":0,"href":"https:\/\/actualizateiguazu.com\/v3\/wp-json\/wp\/v2\/posts\/25550\/revisions"}],"wp:featuredmedia":[{"embeddable":true,"href":"https:\/\/actualizateiguazu.com\/v3\/wp-json\/"}],"wp:attachment":[{"href":"https:\/\/actualizateiguazu.com\/v3\/wp-json\/wp\/v2\/media?parent=25550"}],"wp:term":[{"taxonomy":"category","embeddable":true,"href":"https:\/\/actualizateiguazu.com\/v3\/wp-json\/wp\/v2\/categories?post=25550"},{"taxonomy":"post_tag","embeddable":true,"href":"https:\/\/actualizateiguazu.com\/v3\/wp-json\/wp\/v2\/tags?post=25550"}],"curies":[{"name":"wp","href":"https:\/\/api.w.org\/{rel}","templated":true}]}}