{"id":25834,"date":"2022-02-23T18:59:12","date_gmt":"2022-02-23T21:59:12","guid":{"rendered":"http:\/\/actualizateiguazu.com\/?p=25834"},"modified":"2022-02-23T18:59:12","modified_gmt":"2022-02-23T21:59:12","slug":"mas-de-160-personas-capacitaron-sobre-consumos-problematicos-y-adicciones-por-una-cultura-institucional-de-cuidado","status":"publish","type":"post","link":"https:\/\/actualizateiguazu.com\/v3\/2022\/02\/23\/mas-de-160-personas-capacitaron-sobre-consumos-problematicos-y-adicciones-por-una-cultura-institucional-de-cuidado\/","title":{"rendered":"M\u00e1s de 160 personas capacitaron sobre consumos problem\u00e1ticos y adicciones"},"content":{"rendered":"\n<p>Este mi\u00e9rcoles se llev\u00f3 a cabo una intensa jornada de prevenci\u00f3n de adicciones e integraci\u00f3n bajo el lema \u201cLa Prevenci\u00f3n un Compromiso de Todos\u201d para el fortalecimiento de acciones articuladas e interinstitucional. <strong>En la primera etapa se firmaron actas de acuerdo para trabajar en la tem\u00e1tica del consumo en el \u00e1mbito laboral con varias empresas privadas y se present\u00f3 el resultado de un informe sobre consumo problem\u00e1tico en alumnos de 6 y 7 grado. Por la tarde se capacitaron a m\u00e1s 160 personas en la problem\u00e1tica.<\/strong><\/p>\n\n\n\n<figure class=\"wp-block-image size-large\"><img decoding=\"async\" src=\"http:\/\/actualizateiguazu.com\/wp-content\/uploads\/2022\/02\/IMG_20220223_092844180_HDR-1170x700.jpg\" alt=\"\" class=\"wp-image-25835\"\/><\/figure>\n\n\n\n<p>La misma cont\u00f3 con representantes de distintas instituciones, organizaciones no gubernamentales, comunidades de fe, autoridades municipales y provinciales pro la ma\u00f1ana. En tanto por la tarde se desarroll\u00f3 una jornada de capacitaci\u00f3n donde participaron m\u00e1s de 160 personas, en su mayor\u00eda docentes de todos los niveles. Desde el observatorio del Ministerio de prevenci\u00f3n de adicciones, recalcaron que las sustancias de mayor consumo son la marihuana y el alcohol y que trabajaran en la desnaturalizaci\u00f3n del consumo para concientizar sobre las adicciones.<\/p>\n\n\n\n<p>Como <strong>primera medida tras la presentaci\u00f3n de la mese se llev\u00f3 adelante la firma de acuerdos entre el Ministerio de Prevenci\u00f3n y distintos hoteles y la Asociaci\u00f3n de Gu\u00edas de turismo de Iguaz\u00fa para la puesta en marcha de un trabajo en conjunto para la atenci\u00f3n y prevenci\u00f3n de consumos problem\u00e1ticos dentro del ambiente laboral. Una iniciativa vista con gran entusiasmo por los representantes del sector privado debido a la preocupaci\u00f3n por el aumento desmesurado del consumo de sustancias legales e ilegales.<\/strong><\/p>\n\n\n\n<figure class=\"wp-block-image size-large\"><img decoding=\"async\" src=\"http:\/\/actualizateiguazu.com\/wp-content\/uploads\/2022\/02\/IMG_20220223_162255070_HDR-1170x700.jpg\" alt=\"\" class=\"wp-image-25839\"\/><\/figure>\n\n\n\n<p>Luego se dio lugar a la difusi\u00f3n de un <strong>crudo informe sobre la Percepci\u00f3n de los Consumos Problem\u00e1ticos y Adicciones en Estudiantes de 6\u00ba y 7\u00ba grado que deja en evidencia que es necesario bajar la edad del abordaje de la tem\u00e1tica a ni\u00f1os de 8 y 9 a\u00f1os. Este informe se realiz\u00f3 en base a encuestas realizadas en noviembre del a\u00f1o pasado en 24 Escuelas primarias de Puerto de Iguaz\u00fa de todas las modalidades (Tradicional, Biling\u00fces, y adultos), donde primeramente se brind\u00f3 talleres de prevenci\u00f3n sobre consumo problem\u00e1tico. Para luego llevar adelante una encuesta<\/strong>.<\/p>\n\n\n\n<p>Por la tarde se dict\u00f3 una capacitaci\u00f3n sobre consumos problem\u00e1ticos y adicciones \u201cPor una Cultura Institucional de Cuidado\u201d destinado a integrantes del \u00e1mbito educativo, sistema penitenciario, personas en general interesadas en la tem\u00e1tica en el Gran Hotel Tourbillon, que cont\u00f3 con actividades l\u00fadicas para la concientizaci\u00f3n sobre la problem\u00e1tica y se brind\u00f3 tips para identificar patolog\u00edas o conductas en los alumnos que denoten la posibilidad de consumo de sustancias.<\/p>\n","protected":false},"excerpt":{"rendered":"<p>Este mi\u00e9rcoles se llev\u00f3 a cabo una intensa jornada de prevenci\u00f3n de adicciones e integraci\u00f3n<\/p>\n","protected":false},"author":1,"featured_media":25838,"comment_status":"open","ping_status":"open","sticky":false,"template":"","format":"standard","meta":{"footnotes":""},"categories":[1,226],"tags":[],"class_list":["post-25834","post","type-post","status-publish","format-standard","has-post-thumbnail","hentry","category-actualidad","category-locales"],"_links":{"self":[{"href":"https:\/\/actualizateiguazu.com\/v3\/wp-json\/wp\/v2\/posts\/25834","targetHints":{"allow":["GET"]}}],"collection":[{"href":"https:\/\/actualizateiguazu.com\/v3\/wp-json\/wp\/v2\/posts"}],"about":[{"href":"https:\/\/actualizateiguazu.com\/v3\/wp-json\/wp\/v2\/types\/post"}],"author":[{"embeddable":true,"href":"https:\/\/actualizateiguazu.com\/v3\/wp-json\/wp\/v2\/users\/1"}],"replies":[{"embeddable":true,"href":"https:\/\/actualizateiguazu.com\/v3\/wp-json\/wp\/v2\/comments?post=25834"}],"version-history":[{"count":0,"href":"https:\/\/actualizateiguazu.com\/v3\/wp-json\/wp\/v2\/posts\/25834\/revisions"}],"wp:featuredmedia":[{"embeddable":true,"href":"https:\/\/actualizateiguazu.com\/v3\/wp-json\/"}],"wp:attachment":[{"href":"https:\/\/actualizateiguazu.com\/v3\/wp-json\/wp\/v2\/media?parent=25834"}],"wp:term":[{"taxonomy":"category","embeddable":true,"href":"https:\/\/actualizateiguazu.com\/v3\/wp-json\/wp\/v2\/categories?post=25834"},{"taxonomy":"post_tag","embeddable":true,"href":"https:\/\/actualizateiguazu.com\/v3\/wp-json\/wp\/v2\/tags?post=25834"}],"curies":[{"name":"wp","href":"https:\/\/api.w.org\/{rel}","templated":true}]}}