{"id":25842,"date":"2022-02-23T21:33:20","date_gmt":"2022-02-24T00:33:20","guid":{"rendered":"http:\/\/actualizateiguazu.com\/?p=25842"},"modified":"2022-02-23T21:33:20","modified_gmt":"2022-02-24T00:33:20","slug":"palito-ortega-llega-a-posadas","status":"publish","type":"post","link":"https:\/\/actualizateiguazu.com\/v3\/2022\/02\/23\/palito-ortega-llega-a-posadas\/","title":{"rendered":"Palito Ortega llega a Posadas"},"content":{"rendered":"\n<p><em>El 5 de marzo, a las 20 horas, el reconocido cantante brindar\u00e1 un show en la Cascada&nbsp;de la Costanera capitalina, con un recorrido por su amplio repertorio para el&nbsp;disfrute de grandes y chicos.<\/em><\/p>\n\n\n\n<p>El cantautor, Ram\u00f3n \u00abPalito\u00bb Ortega, llegar\u00e1 a la tierra colorada para reencontrarse con su p\u00fablico que, durante d\u00e9cadas, supo disfrutar de su incontable cantidad de \u00e9xitos.<\/p>\n\n\n\n<p>El autor de \u00abLa Felicidad\u00bb, \u00abViva la Vida\u00bb, entre tantas otras canciones, compartir\u00e1 con el&nbsp;p\u00fablico misionero su tour de despedida que comenz\u00f3 en diciembre, donde revivir\u00e1 todos sus hits, adem\u00e1s de los temas de sus \u00faltimos tres \u00e1lbumes, en los cuales homenaje\u00f3 a grandes autores de la m\u00fasica internacional.<\/p>\n\n\n\n<p><br>\u00abTe llevo bajo mi piel\u00bb fue el \u00faltimo trabajo de Ortega donde ronda el esp\u00edritu de Frank Sinatra en cada canci\u00f3n. Forma parte de una trilog\u00eda que arranc\u00f3&nbsp;con \u00abRock &amp; Roll\u00bb (2017), en el que version\u00f3 grandes rocks de la historia, y \u00abRom\u00e1nticos 60&#8217;s\u00bb (2018), donde mostr\u00f3 su faceta de cancionista m\u00e1s \u00edntimo.<\/p>\n\n\n\n<p>Recibi\u00f3 innumerables premios y reconocimientos entre los que se destacan Premio Grammy a la Excelencia Musical (2013), Premio a la Trayectoria Art\u00edstica Otorgada por Capif (2012), y Premio Gardel a Trayectoria Art\u00edstica (2018).<\/p>\n\n\n\n<p>Con un escenario especialmente montado para la ocasi\u00f3n, Palito brindar\u00e1 un gran espect\u00e1culo&nbsp;gratuito para bailar y cantar junto a todas las familias misioneras, en una despedida&nbsp;que promete ser inolvidable. Adem\u00e1s, se suman al evento los artistas: Retroman\u00eda, Pilar Paredes y Aldo Salgado.<\/p>\n","protected":false},"excerpt":{"rendered":"<p>El 5 de marzo, a las 20 horas, el reconocido cantante brindar\u00e1 un show en<\/p>\n","protected":false},"author":1,"featured_media":25843,"comment_status":"open","ping_status":"open","sticky":false,"template":"","format":"standard","meta":{"footnotes":""},"categories":[222],"tags":[],"class_list":["post-25842","post","type-post","status-publish","format-standard","has-post-thumbnail","hentry","category-cultura"],"_links":{"self":[{"href":"https:\/\/actualizateiguazu.com\/v3\/wp-json\/wp\/v2\/posts\/25842","targetHints":{"allow":["GET"]}}],"collection":[{"href":"https:\/\/actualizateiguazu.com\/v3\/wp-json\/wp\/v2\/posts"}],"about":[{"href":"https:\/\/actualizateiguazu.com\/v3\/wp-json\/wp\/v2\/types\/post"}],"author":[{"embeddable":true,"href":"https:\/\/actualizateiguazu.com\/v3\/wp-json\/wp\/v2\/users\/1"}],"replies":[{"embeddable":true,"href":"https:\/\/actualizateiguazu.com\/v3\/wp-json\/wp\/v2\/comments?post=25842"}],"version-history":[{"count":0,"href":"https:\/\/actualizateiguazu.com\/v3\/wp-json\/wp\/v2\/posts\/25842\/revisions"}],"wp:featuredmedia":[{"embeddable":true,"href":"https:\/\/actualizateiguazu.com\/v3\/wp-json\/"}],"wp:attachment":[{"href":"https:\/\/actualizateiguazu.com\/v3\/wp-json\/wp\/v2\/media?parent=25842"}],"wp:term":[{"taxonomy":"category","embeddable":true,"href":"https:\/\/actualizateiguazu.com\/v3\/wp-json\/wp\/v2\/categories?post=25842"},{"taxonomy":"post_tag","embeddable":true,"href":"https:\/\/actualizateiguazu.com\/v3\/wp-json\/wp\/v2\/tags?post=25842"}],"curies":[{"name":"wp","href":"https:\/\/api.w.org\/{rel}","templated":true}]}}