{"id":25889,"date":"2022-02-26T09:04:13","date_gmt":"2022-02-26T12:04:13","guid":{"rendered":"http:\/\/actualizateiguazu.com\/?p=25889"},"modified":"2022-02-26T09:04:13","modified_gmt":"2022-02-26T12:04:13","slug":"tarde-de-hip-hop-teatro-y-circo-en-fortin-mborore-de-puerto-iguazu","status":"publish","type":"post","link":"https:\/\/actualizateiguazu.com\/v3\/2022\/02\/26\/tarde-de-hip-hop-teatro-y-circo-en-fortin-mborore-de-puerto-iguazu\/","title":{"rendered":"Tarde de hip hop, teatro y circo en Fort\u00edn Mboror\u00e9 de Puerto Iguaz\u00fa"},"content":{"rendered":"\n<p>Este fin de semana Puerto Iguaz\u00fa ser\u00e1 el epicentro de una importante actividad intercultural que se desarrollar\u00e1 en dos jornadas, hoy s\u00e1bado en la comunidad Tekoa Fort\u00edn Mboror\u00e9 y el domingo en el barrio Las Orqu\u00eddeas del kil\u00f3metro 5, vecino a la aldea mbya guaran\u00ed. La banda de hip hop Ha\u2019e Kuera \u00d1ande Kuera surgida en Tekoa Fort\u00edn Mboror\u00e9 dar\u00e1 un recital en su comunidad.<\/p>\n\n\n\n<p>Hoy, <strong>desde las 17 en el espacio de la escuela vieja de la comunidad mbya habr\u00e1 show de payasos, t\u00edteres y circo con los grupos teatrales Reciclo Circo y Fauna Roja, mientras que el cierre ser\u00e1 con m\u00fasica de la mano de la banda de hip hop Ha\u2019e Kuera \u00d1ande Kuera, que oficiar\u00e1 a la vez de anfitriona, ya que los raperos Fabi\u00e1n \u2018Rekove Rap\u2019 Vel\u00e1zquez y Juan Luis \u2018Mbaret\u00e9\u2019 Chamorro son de Mboror\u00e9<\/strong>.<\/p>\n\n\n\n<p>Adem\u00e1s de las voces de Rekove Rap y Mbaret\u00e9, la agrupaci\u00f3n se completa con los m\u00fasicos Berenice Texeira Villalba en coros, quena, charango, percusi\u00f3n y guitarra; Lito Darttois en bater\u00eda;&nbsp; Sergio Roberti y Nahuel Castillo en guitarra y, Walter Duarte en el bajo.&nbsp;&nbsp;&nbsp;<\/p>\n\n\n\n<p>En la plaza del barrio<\/p>\n\n\n\n<p><strong>En tanto, el domingo tambi\u00e9n a partir de las 17 en la plaza del barrio Las Orqu\u00eddeas se replicar\u00e1 la funci\u00f3n de teatro, circo y m\u00fasica para toda la familia con Reciclo Circo, Fauna Roja y la Payasa Tutuca del grupo Circo Reviro, tambi\u00e9n todo el ritmo del carnaval con la comparsa Selva, Noche, Luna que har\u00e1 un ensayo abierto<\/strong>.<\/p>\n\n\n\n<p>Y luego tendr\u00e1 lugar el recital de Ha\u2019e Kuera \u00d1ande Kuera con toda la potencia de sus rimas en defensa de la cultura guaran\u00ed y por el cuidado de la tierra y la naturaleza.&nbsp;&nbsp;&nbsp;<\/p>\n\n\n\n<p><strong>Intercultural y multi-art\u00edstico<\/strong><\/p>\n\n\n\n<p>Berenice Texeira, integrante de \u00d1ande Kuera y parte del elenco del grupo Reciclo Circo, en di\u00e1logo con El Territorio cont\u00f3 sobre este evento que defini\u00f3 como&nbsp; multi-art\u00edstico e intercultural:<\/p>\n\n\n\n<p>&nbsp;\u201cEs un evento intercultural, el concierto lo organizamos desde la banda Ha\u2019e Kuera \u00d1ande Kuera como contraprestaci\u00f3n porque resultamos ganadores de un fomento del Fondo Nacional de las Artes (FNA)\u201d. Y esta iniciativa de tocar en la comunidad fue creciendo. \u201cLa propuesta fue creciendo porque desde Reciclo Circo venimos trabajando con los artistas del grupo Fauna Roja, a la vez se sum\u00f3 la Payasa Tutuca de Circo Reviro&nbsp; y as\u00ed sali\u00f3 esta movida multi-art\u00edstica que lleva teatro, circo, t\u00edteres, payasos y m\u00fasica al barrio y a la aldea\u201d, resalt\u00f3.<\/p>\n\n\n\n<p>La artista explic\u00f3 que, \u201c<strong>contamos con la colaboraci\u00f3n de Fausto Rizzani de la Direcci\u00f3n Norte de la Secretar\u00eda de Cultura y tambi\u00e9n del cacique Silvino Moreina que abre las puertas de la aldea para recibirnos a los artistas y a todos quienes asistan para disfrutar de un encuentro con el arte y la cultura, esperamos que todas las familias puedan asistir para reencontrarnos desde la alegr\u00eda del teatro y la m\u00fasica<\/strong>\u201d.<\/p>\n\n\n\n<p>Texeira, a su vez, evidenci\u00f3 que Ha\u2019e Kuera \u00d1ande Kuera, \u201ces un proyecto que ya lleva ocho a\u00f1os,&nbsp; es una banda de hip hop intercultural y venimos haciendo un camino muy de a pasitos y muy&nbsp; lindo. Ahora poder presentarnos en la aldea es emocionante, los chicos que son de ah\u00ed est\u00e1n muy entusiasmados por poder cantar para sus familias, sus amigos y para todo el p\u00fablico que seguramente nos va a acompa\u00f1ar\u201d.<\/p>\n\n\n\n<p><strong>\u201cConvidar el arte\u201d<\/strong><\/p>\n\n\n\n<p>Por su parte, la actriz Alu\u00e9n Arr\u00faa del grupo de teatro Fauna Roja adelant\u00f3 que estar\u00e1 presentando la obra \u2018Misi\u00f3n Z\u2019 y adem\u00e1s, Fauna desplegar\u00e1 juegos para interactuar con todo el p\u00fablico.<\/p>\n\n\n\n<p>\u201c<strong>Nuestra participaci\u00f3n sali\u00f3 porque trabajamos juntos con el grupo Reciclo Circo para armar grillas e itinerar juntos, y este fin de semana tambi\u00e9n va a estar Circo Reviro con la Payasa Tutuca, van a ser dos jornadas para seguir compartiendo teatro y arte en lugares donde el arte no suele llegar\u201d y continu\u00f3, \u201cla idea es poder compartir y convidar lo que hacemos tratando de expandir nuestra actividad teatral en zonas descentralizadas<\/strong>\u201d.<\/p>\n\n\n\n<p>Arr\u00faa sostuvo adem\u00e1s que ser\u00e1 la primera vez que Fauna Roja salga a escena en una aldea mbya guaran\u00ed, este elenco ya viene haciendo festivales y funciones por los barrios de Posadas y de la provincia. \u201cEstamos con mucha expectativa, queremos que esta presentaci\u00f3n sea el puntapi\u00e9 para un proyecto que venimos trabajando junto con Reciclo Circo de hacer funciones en las comunidades guaran\u00edes de nuestra provincia\u201d, concluy\u00f3.<\/p>\n\n\n\n<p>Fuente: El Territorio<\/p>\n","protected":false},"excerpt":{"rendered":"<p>Este fin de semana Puerto Iguaz\u00fa ser\u00e1 el epicentro de una importante actividad intercultural que<\/p>\n","protected":false},"author":1,"featured_media":25890,"comment_status":"open","ping_status":"open","sticky":false,"template":"","format":"standard","meta":{"footnotes":""},"categories":[1,222,226],"tags":[],"class_list":["post-25889","post","type-post","status-publish","format-standard","has-post-thumbnail","hentry","category-actualidad","category-cultura","category-locales"],"_links":{"self":[{"href":"https:\/\/actualizateiguazu.com\/v3\/wp-json\/wp\/v2\/posts\/25889","targetHints":{"allow":["GET"]}}],"collection":[{"href":"https:\/\/actualizateiguazu.com\/v3\/wp-json\/wp\/v2\/posts"}],"about":[{"href":"https:\/\/actualizateiguazu.com\/v3\/wp-json\/wp\/v2\/types\/post"}],"author":[{"embeddable":true,"href":"https:\/\/actualizateiguazu.com\/v3\/wp-json\/wp\/v2\/users\/1"}],"replies":[{"embeddable":true,"href":"https:\/\/actualizateiguazu.com\/v3\/wp-json\/wp\/v2\/comments?post=25889"}],"version-history":[{"count":0,"href":"https:\/\/actualizateiguazu.com\/v3\/wp-json\/wp\/v2\/posts\/25889\/revisions"}],"wp:featuredmedia":[{"embeddable":true,"href":"https:\/\/actualizateiguazu.com\/v3\/wp-json\/"}],"wp:attachment":[{"href":"https:\/\/actualizateiguazu.com\/v3\/wp-json\/wp\/v2\/media?parent=25889"}],"wp:term":[{"taxonomy":"category","embeddable":true,"href":"https:\/\/actualizateiguazu.com\/v3\/wp-json\/wp\/v2\/categories?post=25889"},{"taxonomy":"post_tag","embeddable":true,"href":"https:\/\/actualizateiguazu.com\/v3\/wp-json\/wp\/v2\/tags?post=25889"}],"curies":[{"name":"wp","href":"https:\/\/api.w.org\/{rel}","templated":true}]}}