{"id":25894,"date":"2022-02-26T11:18:48","date_gmt":"2022-02-26T14:18:48","guid":{"rendered":"http:\/\/actualizateiguazu.com\/?p=25894"},"modified":"2022-02-26T11:18:48","modified_gmt":"2022-02-26T14:18:48","slug":"accidente-fatal-dejo-tres-muertos-en-el-alcazar","status":"publish","type":"post","link":"https:\/\/actualizateiguazu.com\/v3\/2022\/02\/26\/accidente-fatal-dejo-tres-muertos-en-el-alcazar\/","title":{"rendered":"Accidente fatal dej\u00f3 tres muertos en el Alcazar"},"content":{"rendered":"\n<p>El siniestro se registr\u00f3 esta ma\u00f1ana, alrededor de las 7 horas sobre el kil\u00f3metro 1500 de la arteria nacional, en donde dos veh\u00edculos; un Fiat Siena al mando de Jonathan Olivera de 31 a\u00f1os, habr\u00eda colisionado contra una Citro\u00ebn Berlingo conducida por Luis Carlos Cardozo Prestes de 65, acompa\u00f1ado por una joven de 24, quienes fallecieron en el lugar.<\/p>\n\n\n\n<p>Seg\u00fan datos preliminares, el autom\u00f3vil circulaba desde Eldorado-Puerto Rico y el utilitario en sentido contrario. A ra\u00edz de la colisi\u00f3n, ambos conductores junto a la acompa\u00f1ante de la berlingo, fallecieron en el acto producto de los m\u00faltiples politraumatismos sufridos.<\/p>\n\n\n\n<figure class=\"wp-block-image size-full\"><img decoding=\"async\" src=\"http:\/\/actualizateiguazu.com\/wp-content\/uploads\/2022\/02\/IMG-20220226-WA0021.jpg\" alt=\"\" class=\"wp-image-25895\"\/><\/figure>\n\n\n\n<p>Por otro lado, en el rodado mayor, viajaban una mujer de 61 a\u00f1os, un joven de 30 y un ni\u00f1o de 7 a\u00f1os, quienes presentaron m\u00faltiples escoriaciones. Las ambulancias de las localidades de Garuhap\u00e9 y Montecarlo evacuaron a los lesionados hasta los hospitales de \u00e1rea.<\/p>\n\n\n\n<p>En el sitio, trabajaron los bomberos voluntarios de la ciudad, la polic\u00eda cient\u00edfica de la Unidad Regional IV, la seccional local, el m\u00e9dico y bioqu\u00edmico policial. Interviene en el hecho, el Juzgado de Instrucci\u00f3n N.\u00ba 1 de Puerto Rico.<\/p>\n","protected":false},"excerpt":{"rendered":"<p>El siniestro se registr\u00f3 esta ma\u00f1ana, alrededor de las 7 horas sobre el kil\u00f3metro 1500<\/p>\n","protected":false},"author":1,"featured_media":25896,"comment_status":"open","ping_status":"open","sticky":false,"template":"","format":"standard","meta":{"footnotes":""},"categories":[1,228,229],"tags":[],"class_list":["post-25894","post","type-post","status-publish","format-standard","has-post-thumbnail","hentry","category-actualidad","category-policiales","category-provinciales"],"_links":{"self":[{"href":"https:\/\/actualizateiguazu.com\/v3\/wp-json\/wp\/v2\/posts\/25894","targetHints":{"allow":["GET"]}}],"collection":[{"href":"https:\/\/actualizateiguazu.com\/v3\/wp-json\/wp\/v2\/posts"}],"about":[{"href":"https:\/\/actualizateiguazu.com\/v3\/wp-json\/wp\/v2\/types\/post"}],"author":[{"embeddable":true,"href":"https:\/\/actualizateiguazu.com\/v3\/wp-json\/wp\/v2\/users\/1"}],"replies":[{"embeddable":true,"href":"https:\/\/actualizateiguazu.com\/v3\/wp-json\/wp\/v2\/comments?post=25894"}],"version-history":[{"count":0,"href":"https:\/\/actualizateiguazu.com\/v3\/wp-json\/wp\/v2\/posts\/25894\/revisions"}],"wp:featuredmedia":[{"embeddable":true,"href":"https:\/\/actualizateiguazu.com\/v3\/wp-json\/"}],"wp:attachment":[{"href":"https:\/\/actualizateiguazu.com\/v3\/wp-json\/wp\/v2\/media?parent=25894"}],"wp:term":[{"taxonomy":"category","embeddable":true,"href":"https:\/\/actualizateiguazu.com\/v3\/wp-json\/wp\/v2\/categories?post=25894"},{"taxonomy":"post_tag","embeddable":true,"href":"https:\/\/actualizateiguazu.com\/v3\/wp-json\/wp\/v2\/tags?post=25894"}],"curies":[{"name":"wp","href":"https:\/\/api.w.org\/{rel}","templated":true}]}}