{"id":25946,"date":"2022-02-28T09:41:32","date_gmt":"2022-02-28T12:41:32","guid":{"rendered":"http:\/\/actualizateiguazu.com\/?p=25946"},"modified":"2022-02-28T09:41:32","modified_gmt":"2022-02-28T12:41:32","slug":"docentes-disidentes-anunciaron-paro-de-72-horas","status":"publish","type":"post","link":"https:\/\/actualizateiguazu.com\/v3\/2022\/02\/28\/docentes-disidentes-anunciaron-paro-de-72-horas\/","title":{"rendered":"Docentes disidentes anunciaron paro de 72 horas"},"content":{"rendered":"\n<p><strong>El Frente de Trabajadores de la Educaci\u00f3n en Lucha, conformado por gremios disidentes, decidi\u00f3 ayer ir a un paro sin asistencia a las aulas de 72 horas a partir del 2 de marzo<\/strong>. En tanto,\u00a0 la mayor\u00eda de los docentes encabezado por UDPM dar\u00e1n inicio normal al ciclo lectivo tal como lo indica el calendario escolar.<\/p>\n\n\n\n<p>La decisi\u00f3n de ir al paro fue tomada el sabado, tras una asamblea llevada adelante en la ciudad de Jard\u00edn Am\u00e9rica. All\u00ed, un numeroso grupo de trabajadores volvi\u00f3 a plantear el reclamo de una mejora salarial y la disconformidad con el acuerdo firmado por algunos gremios y el Gobierno de la provincia durante la mesa paritaria.<\/p>\n\n\n\n<p>Cabe recordar que parte de la representantes firmaron d\u00edas atr\u00e1s el acuerdo, donde el salario b\u00e1sico m\u00ednimo se incrementar\u00e1 hasta los $21.520,77 para el mes de abril, pasando por aumentos en los salarios de febrero y marzo.<\/p>\n\n\n\n<p><strong>Los gremios que se reunieron responden a la Uni\u00f3n de Docentes Nueva Argentina de Misiones (Udnam), la Uni\u00f3n de Trabajadores de la Educaci\u00f3n de Misiones (Utem), la Asociaci\u00f3n Trabajadores del Estado (ATE) y autoconvocados, entre otros. La asamblea del sabado comenz\u00f3 a la ma\u00f1ana con un acampe y luego se traslad\u00f3 a la ruta nacional 12, donde procedieron al corte de la v\u00eda.<\/strong><\/p>\n\n\n\n<p>Por ello, y con el fin de no interrumpir el tr\u00e1nsito en la ruta, la Polic\u00eda de Misiones dispuso un desv\u00edo en la zona de la terminal de \u00f3mnibus de la localidad. Hubo entonces un camino alternativo para los automovilistas tanto sentido Posadas- Puerto Iguaz\u00fa, como sentido contrario.<\/p>\n\n\n\n<p>All\u00ed tambi\u00e9n decidieron que adem\u00e1s del paro, habr\u00e1 movilizaciones en diferentes puntos de la provincia.<\/p>\n\n\n\n<p>Fuente: El Territorio<\/p>\n","protected":false},"excerpt":{"rendered":"<p>El Frente de Trabajadores de la Educaci\u00f3n en Lucha, conformado por gremios disidentes, decidi\u00f3 ayer<\/p>\n","protected":false},"author":1,"featured_media":25947,"comment_status":"open","ping_status":"open","sticky":false,"template":"","format":"standard","meta":{"footnotes":""},"categories":[1,229],"tags":[],"class_list":["post-25946","post","type-post","status-publish","format-standard","has-post-thumbnail","hentry","category-actualidad","category-provinciales"],"_links":{"self":[{"href":"https:\/\/actualizateiguazu.com\/v3\/wp-json\/wp\/v2\/posts\/25946","targetHints":{"allow":["GET"]}}],"collection":[{"href":"https:\/\/actualizateiguazu.com\/v3\/wp-json\/wp\/v2\/posts"}],"about":[{"href":"https:\/\/actualizateiguazu.com\/v3\/wp-json\/wp\/v2\/types\/post"}],"author":[{"embeddable":true,"href":"https:\/\/actualizateiguazu.com\/v3\/wp-json\/wp\/v2\/users\/1"}],"replies":[{"embeddable":true,"href":"https:\/\/actualizateiguazu.com\/v3\/wp-json\/wp\/v2\/comments?post=25946"}],"version-history":[{"count":0,"href":"https:\/\/actualizateiguazu.com\/v3\/wp-json\/wp\/v2\/posts\/25946\/revisions"}],"wp:featuredmedia":[{"embeddable":true,"href":"https:\/\/actualizateiguazu.com\/v3\/wp-json\/"}],"wp:attachment":[{"href":"https:\/\/actualizateiguazu.com\/v3\/wp-json\/wp\/v2\/media?parent=25946"}],"wp:term":[{"taxonomy":"category","embeddable":true,"href":"https:\/\/actualizateiguazu.com\/v3\/wp-json\/wp\/v2\/categories?post=25946"},{"taxonomy":"post_tag","embeddable":true,"href":"https:\/\/actualizateiguazu.com\/v3\/wp-json\/wp\/v2\/tags?post=25946"}],"curies":[{"name":"wp","href":"https:\/\/api.w.org\/{rel}","templated":true}]}}