{"id":25976,"date":"2022-03-01T16:07:31","date_gmt":"2022-03-01T19:07:31","guid":{"rendered":"http:\/\/actualizateiguazu.com\/?p=25976"},"modified":"2022-03-01T16:07:31","modified_gmt":"2022-03-01T19:07:31","slug":"puente-quemado-ii-reclama-el-cumplimiento-de-la-promesa-de-acceso-al-agua-potable","status":"publish","type":"post","link":"https:\/\/actualizateiguazu.com\/v3\/2022\/03\/01\/puente-quemado-ii-reclama-el-cumplimiento-de-la-promesa-de-acceso-al-agua-potable\/","title":{"rendered":"Puente Quemado II reclama el cumplimiento de la promesa de acceso al agua potable"},"content":{"rendered":"\n<p>La fuerte sequ\u00eda que azota a la regi\u00f3n desde hace casi tres a\u00f1os afecta de lleno en las Comunidades Mbya, ya que com\u00fanmente se abastecen del agua de los arroyos, que actualmente -adem\u00e1s de secos- est\u00e1n sucios producto de lo que dejaron los incendios. <strong>En el caso particular de la Comunidad Puente Quemado II, en Garuhap\u00e9-M\u00ed, no solamente ven vulnerado este derecho b\u00e1sico, como lo es el acceso al agua potable, sino que adem\u00e1s lo \u00fanico que recibieron fueron mentiras.<\/strong><\/p>\n\n\n\n<p>a traves de un comunicado desde la comunidad Puente Quemado II aseguraron que meses atr\u00e1s, la empresa Arauco S.A. en alianza con Proyecto Agua Segura, se comprometi\u00f3 a llevar adelante un proyecto que inclu\u00eda obras para el acceso al agua potable mediante el uso de una tecnolog\u00eda llamada nanofiltraci\u00f3n, que en teor\u00eda recolecta el agua de lluvia y separa la contaminaci\u00f3n.<\/p>\n\n\n\n<p>Sin embargo, desde la Comunidad, el Mburuvicha Santiago Ramos asegur\u00f3 que a\u00fan contin\u00faan sin acceso a este bien p\u00fablico que resulta fundamental para la vida humana, sobre todo en \u00e9pocas de intenso calor.<\/p>\n\n\n\n<p>\u201c<strong>Arauco dej\u00f3 un tanque para que cuando llueva se junte el agua, pero nada m\u00e1s. Nosotros hasta ahora no hemos tenido agua potable, no hay perforaci\u00f3n, no tenemos energ\u00eda el\u00e9ctrica y as\u00ed pasamos todo el a\u00f1o. Los chicos van a la escuela y no tienen agua. No recibimos nada por parte de la empresa<\/strong>\u201d, afirm\u00f3 Ramos.<\/p>\n\n\n\n<p>Y agreg\u00f3: \u201c<strong>Nosotros seguimos sacando el agua de los arroyos, despu\u00e9s de los incendios viene con mucha mugre, pero no tenemos otra alternativa. Eso nos afecta mucho, trae colitis a los ni\u00f1os y tambi\u00e9n a los adultos<\/strong>\u201d.<\/p>\n\n\n\n<p>En este sentido, se refiri\u00f3 a las publicaciones que se hicieron en diferentes medios provinciales, <strong>como Plan B en una publicaci\u00f3n con fecha de septiembre del a\u00f1o pasado, donde se da por hecho que la firma forestal realiz\u00f3 un acto de bien y ayud\u00f3 a la Comunidad: \u201cTodo lo que sale en la publicaci\u00f3n no es la realidad, nosotros estamos cada a\u00f1o sin agua, tampoco tenemos ayuda del gobierno<\/strong>\u201d.<\/p>\n\n\n\n<p><strong>La lucha territorial<\/strong><\/p>\n\n\n\n<p>Recientemente, la Comunidad Puente Quemado II intim\u00f3 a la empresa Arauco a suspender toda actividad sobre su territorio. <strong>El ultim\u00e1tum se dio en el marco de los incendios que afectaron a la zona y que produjeron la quema de monte nativo, como as\u00ed tambi\u00e9n de ejemplares de pino que hab\u00edan sido plantados por la empresa en territorio guaran\u00ed.<\/strong><\/p>\n\n\n\n<p>Tras estos hechos, representantes de la firma se presentaron y comunicaron la firme intenci\u00f3n de reforestar con las mismas especies en favor de su propio negocio.<\/p>\n\n\n\n<p><strong>\u201cNo estamos dispuestos a permitir que se sigan afectando nuestros recursos de subsistencia material y espiritual\u201d, afirmaron en la denuncia, con la intenci\u00f3n de frenar estos atropellos a su h\u00e1bitat natural.<\/strong><\/p>\n\n\n\n<p>\u201cNosotros queremos que se frenen todas las actividades sobre nuestro territorio, relevado por el Instituto Nacional de Asuntos Ind\u00edgena (INAI). Luchamos ahora por el t\u00edtulo de propiedad comunitaria. Ellos est\u00e1n sorprendidos por la carta documento, dicen que estamos bien con ellos y que accedimos a estas acciones, pero no es as\u00ed, nosotros luchamos por nuestro territorio y nuestros derechos\u201d, cerr\u00f3 Ramos el di\u00e1logo con EMiPA.<\/p>\n","protected":false},"excerpt":{"rendered":"<p>La fuerte sequ\u00eda que azota a la regi\u00f3n desde hace casi tres a\u00f1os afecta de<\/p>\n","protected":false},"author":1,"featured_media":25977,"comment_status":"open","ping_status":"open","sticky":false,"template":"","format":"standard","meta":{"footnotes":""},"categories":[1,229],"tags":[],"class_list":["post-25976","post","type-post","status-publish","format-standard","has-post-thumbnail","hentry","category-actualidad","category-provinciales"],"_links":{"self":[{"href":"https:\/\/actualizateiguazu.com\/v3\/wp-json\/wp\/v2\/posts\/25976","targetHints":{"allow":["GET"]}}],"collection":[{"href":"https:\/\/actualizateiguazu.com\/v3\/wp-json\/wp\/v2\/posts"}],"about":[{"href":"https:\/\/actualizateiguazu.com\/v3\/wp-json\/wp\/v2\/types\/post"}],"author":[{"embeddable":true,"href":"https:\/\/actualizateiguazu.com\/v3\/wp-json\/wp\/v2\/users\/1"}],"replies":[{"embeddable":true,"href":"https:\/\/actualizateiguazu.com\/v3\/wp-json\/wp\/v2\/comments?post=25976"}],"version-history":[{"count":0,"href":"https:\/\/actualizateiguazu.com\/v3\/wp-json\/wp\/v2\/posts\/25976\/revisions"}],"wp:featuredmedia":[{"embeddable":true,"href":"https:\/\/actualizateiguazu.com\/v3\/wp-json\/"}],"wp:attachment":[{"href":"https:\/\/actualizateiguazu.com\/v3\/wp-json\/wp\/v2\/media?parent=25976"}],"wp:term":[{"taxonomy":"category","embeddable":true,"href":"https:\/\/actualizateiguazu.com\/v3\/wp-json\/wp\/v2\/categories?post=25976"},{"taxonomy":"post_tag","embeddable":true,"href":"https:\/\/actualizateiguazu.com\/v3\/wp-json\/wp\/v2\/tags?post=25976"}],"curies":[{"name":"wp","href":"https:\/\/api.w.org\/{rel}","templated":true}]}}