{"id":25979,"date":"2022-03-01T16:30:18","date_gmt":"2022-03-01T19:30:18","guid":{"rendered":"http:\/\/actualizateiguazu.com\/?p=25979"},"modified":"2022-03-01T16:30:18","modified_gmt":"2022-03-01T19:30:18","slug":"arrestaron-a-otros-cuatro-involucrados-en-la-gresca-entre-aldeas-guaranies","status":"publish","type":"post","link":"https:\/\/actualizateiguazu.com\/v3\/2022\/03\/01\/arrestaron-a-otros-cuatro-involucrados-en-la-gresca-entre-aldeas-guaranies\/","title":{"rendered":"Arrestaron a otros cuatro involucrados en la gresca entre aldeas guaran\u00edes"},"content":{"rendered":"\n<p>Se trata de un grupo familiar, quienes estar\u00edan involucrados en la gresca que tuvo lugar el pasado domingo en la Aldea Fort\u00edn Mborore, por el cual ya se encontraba detenido un hombre.<\/p>\n\n\n\n<p>Con orden del juzgado de Instrucci\u00f3n N\u00ba 3 de Puerto Iguaz\u00fa, ayer se concret\u00f3 las detenciones de tres hombres de 25, 26 y 60 a\u00f1os este \u00faltimo padre de los anteriores, en tanto otro de 31 a\u00f1os se present\u00f3 en la dependencia policial de la zona donde fue tambi\u00e9n al igual que los restantes puesto a disposici\u00f3n de la justicia en averiguaci\u00f3n del hecho que dej\u00f3 como resultado tres heridos integrantes de otro comunidad guaran\u00ed de la zona.<\/p>\n\n\n\n<p><strong>El hecho:<\/strong><\/p>\n\n\n\n<p>En la madrugada del domingo, alrededor de las 03:45 horas, la polic\u00eda acudi\u00f3 a un llamado de emergencias en la aldea Fort\u00edn Mboror\u00e9, en donde momentos antes, se produjo un confuso enfrentamiento entre varias personas, en el cual tres personas resultaron lesionados con un arma blanca.<\/p>\n\n\n\n<p>La comisar\u00eda jurisdiccional con el apoyo de otras dependencias, arribaron hasta la aldea, en donde un rato antes, se habr\u00edan presentado los integrantes de comunidad Miri Marangat\u00fa, estos discutieron y desencaden\u00f3 en una gresca, que llev\u00f3 a la lesi\u00f3n de los individuos.<\/p>\n","protected":false},"excerpt":{"rendered":"<p>Se trata de un grupo familiar, quienes estar\u00edan involucrados en la gresca que tuvo lugar<\/p>\n","protected":false},"author":1,"featured_media":25980,"comment_status":"open","ping_status":"open","sticky":false,"template":"","format":"standard","meta":{"footnotes":""},"categories":[228],"tags":[],"class_list":["post-25979","post","type-post","status-publish","format-standard","has-post-thumbnail","hentry","category-policiales"],"_links":{"self":[{"href":"https:\/\/actualizateiguazu.com\/v3\/wp-json\/wp\/v2\/posts\/25979","targetHints":{"allow":["GET"]}}],"collection":[{"href":"https:\/\/actualizateiguazu.com\/v3\/wp-json\/wp\/v2\/posts"}],"about":[{"href":"https:\/\/actualizateiguazu.com\/v3\/wp-json\/wp\/v2\/types\/post"}],"author":[{"embeddable":true,"href":"https:\/\/actualizateiguazu.com\/v3\/wp-json\/wp\/v2\/users\/1"}],"replies":[{"embeddable":true,"href":"https:\/\/actualizateiguazu.com\/v3\/wp-json\/wp\/v2\/comments?post=25979"}],"version-history":[{"count":0,"href":"https:\/\/actualizateiguazu.com\/v3\/wp-json\/wp\/v2\/posts\/25979\/revisions"}],"wp:featuredmedia":[{"embeddable":true,"href":"https:\/\/actualizateiguazu.com\/v3\/wp-json\/"}],"wp:attachment":[{"href":"https:\/\/actualizateiguazu.com\/v3\/wp-json\/wp\/v2\/media?parent=25979"}],"wp:term":[{"taxonomy":"category","embeddable":true,"href":"https:\/\/actualizateiguazu.com\/v3\/wp-json\/wp\/v2\/categories?post=25979"},{"taxonomy":"post_tag","embeddable":true,"href":"https:\/\/actualizateiguazu.com\/v3\/wp-json\/wp\/v2\/tags?post=25979"}],"curies":[{"name":"wp","href":"https:\/\/api.w.org\/{rel}","templated":true}]}}