{"id":26006,"date":"2022-03-02T08:35:43","date_gmt":"2022-03-02T11:35:43","guid":{"rendered":"http:\/\/actualizateiguazu.com\/?p=26006"},"modified":"2022-03-02T08:35:43","modified_gmt":"2022-03-02T11:35:43","slug":"atropellaron-a-un-empleado-de-migraciones-en-uno-de-los-carriles-de-ingreso-a-iguazu-2","status":"publish","type":"post","link":"https:\/\/actualizateiguazu.com\/v3\/2022\/03\/02\/atropellaron-a-un-empleado-de-migraciones-en-uno-de-los-carriles-de-ingreso-a-iguazu-2\/","title":{"rendered":"Atropellaron a un empleado de Migraciones en uno de los carriles de ingreso a Iguaz\u00fa"},"content":{"rendered":"\n<p>El siniestro vial se registr\u00f3 en las pasadas las 18 horas del martes 1 de marzo en uno de los carriles de ingreso al pa\u00eds, seg\u00fan informaron desde ATE, <strong>el hecho ocurri\u00f3 luego de que un personal de Migraciones identificado como Juan Pablo P. no permiti\u00f3 el ingreso al pa\u00eds a dos ciudadanos brasile\u00f1os que no pose\u00edan la documentaci\u00f3n necesaria para registrar el ingreso. El hombre resulto con fracturas a causa del impacto.<\/strong><\/p>\n\n\n\n<p>A trav\u00e9s de las redes sociales los representantes gremiales de los empleados de Migraciones confirmaron el hecho y detallaron en el posteo que no es la primera vez que ocurren hechos de violencia en los pasos de frontera, \u201c<strong>Visibilizamos la alta exposici\u00f3n, la responsabilidad que conllevan nuestras funciones, alertamos, como lo venimos haciendo hace tiempo, de la necesidad de seguridad\u00a0 a aquellas\u00a0 fuerzas que son responsables del cuidado en la frontera. Solicitamos que existan las reuniones,\u00a0 acciones y presentaciones en todo el NEA<\/strong>\u201d<\/p>\n\n\n\n<figure class=\"wp-block-image size-large\"><img decoding=\"async\" src=\"http:\/\/actualizateiguazu.com\/wp-content\/uploads\/2022\/03\/WhatsApp-Image-2022-03-02-at-08.29.07-2-719x700.jpeg\" alt=\"\" class=\"wp-image-26009\"\/><\/figure>\n\n\n\n<p>Adem\u00e1s, <strong>trascendi\u00f3 que los brasile\u00f1os se movilizaban en una camioneta blanca, sin embargo no cuentan con mayores datos para realizar la denuncia correspondiente ya que las c\u00e1maras de seguridad en la zona de frontera no funcionan y no existe registro del veh\u00edculo o de las personas en el sistema de la instituci\u00f3n<\/strong>.<\/p>\n\n\n\n<p>Representantes de ATE aseguran que las agresiones en los centros de frontera son constantes y exigen mayor seguridad \u201cHace poco m\u00e1s de una semana vivimos otra agresi\u00f3n una trabajadora de migraciones en el paso de Clorinda, provincia de Formosa\u201d es por ello que instan a rever la cuesti\u00f3n de la seguridad de todos los empleados.<\/p>\n","protected":false},"excerpt":{"rendered":"<p>El siniestro vial se registr\u00f3 en las pasadas las 18 horas del martes 1 de<\/p>\n","protected":false},"author":1,"featured_media":26008,"comment_status":"open","ping_status":"open","sticky":false,"template":"","format":"standard","meta":{"footnotes":""},"categories":[1,226],"tags":[],"class_list":["post-26006","post","type-post","status-publish","format-standard","has-post-thumbnail","hentry","category-actualidad","category-locales"],"_links":{"self":[{"href":"https:\/\/actualizateiguazu.com\/v3\/wp-json\/wp\/v2\/posts\/26006","targetHints":{"allow":["GET"]}}],"collection":[{"href":"https:\/\/actualizateiguazu.com\/v3\/wp-json\/wp\/v2\/posts"}],"about":[{"href":"https:\/\/actualizateiguazu.com\/v3\/wp-json\/wp\/v2\/types\/post"}],"author":[{"embeddable":true,"href":"https:\/\/actualizateiguazu.com\/v3\/wp-json\/wp\/v2\/users\/1"}],"replies":[{"embeddable":true,"href":"https:\/\/actualizateiguazu.com\/v3\/wp-json\/wp\/v2\/comments?post=26006"}],"version-history":[{"count":0,"href":"https:\/\/actualizateiguazu.com\/v3\/wp-json\/wp\/v2\/posts\/26006\/revisions"}],"wp:featuredmedia":[{"embeddable":true,"href":"https:\/\/actualizateiguazu.com\/v3\/wp-json\/"}],"wp:attachment":[{"href":"https:\/\/actualizateiguazu.com\/v3\/wp-json\/wp\/v2\/media?parent=26006"}],"wp:term":[{"taxonomy":"category","embeddable":true,"href":"https:\/\/actualizateiguazu.com\/v3\/wp-json\/wp\/v2\/categories?post=26006"},{"taxonomy":"post_tag","embeddable":true,"href":"https:\/\/actualizateiguazu.com\/v3\/wp-json\/wp\/v2\/tags?post=26006"}],"curies":[{"name":"wp","href":"https:\/\/api.w.org\/{rel}","templated":true}]}}