{"id":26127,"date":"2022-03-21T23:19:50","date_gmt":"2022-03-21T23:19:50","guid":{"rendered":"http:\/\/actualizateiguazu.com\/v3\/?p=26127"},"modified":"2022-03-21T23:19:55","modified_gmt":"2022-03-21T23:19:55","slug":"en-24-horas-definiran-los-alimentos-que-retrotraeran-sus-precios","status":"publish","type":"post","link":"https:\/\/actualizateiguazu.com\/v3\/2022\/03\/21\/en-24-horas-definiran-los-alimentos-que-retrotraeran-sus-precios\/","title":{"rendered":"En 24 horas definir\u00e1n los alimentos que retrotraer\u00e1n sus precios"},"content":{"rendered":"\n<p>En conferencia de prensa, el ministro de Desarrollo Productivo marc\u00f3, las primeras l\u00edneas de las medidas con las que el gobierno argentino buscar\u00e1 frenar la inflaci\u00f3n.<\/p>\n\n\n\n<p>El ministro de Desarrollo Productivo, Mat\u00edas Kulfas, <strong>anunci\u00f3 este lunes que \u00aben 24 horas\u00bb se definir\u00e1 cu\u00e1les son los alimentos cuyos precios se retrotraer\u00e1n a los valores que ten\u00edan del 8 al 10 de marzo, tras la reuni\u00f3n que mantuvo junto a dirigentes de la Coordinadora de las Industrias de Productos Alimenticio<\/strong>s (Copal) y de supermercados que, sostuvo, fue \u00abconstructiva\u00bb aunque \u00abtuvo algunos momentos de tensi\u00f3n porque hab\u00eda una suerte de negaci\u00f3n\u00bb por parte de los empresarios.<\/p>\n\n\n\n<p>\u00ab<strong>En 24 horas se va a clarificar cu\u00e1l es la responsabilidad de la industria y de los intermediarios y los precios que se hayan adoptado de manera injustificada tienen que ser retrotra\u00eddos hacia 8 o 10 de marzo, que tienen que ver con los esquemas de Precios Cuidados que implementa la Secretaria de Comercio Interior<\/strong>\u00ab, afirm\u00f3 Kulfas en conferencia de prensa.<\/p>\n\n\n\n<p>El ministro adem\u00e1s argument\u00f3 que \u00abno hacer nada es convalidar que subas en los valores del trigo se trasladen al precio de los productos claves en la mesa de los argentinos\u00bb, al explicar las medidas adoptadas para contener la inflaci\u00f3n.<\/p>\n\n\n\n<p>\u00ab<strong>La decisi\u00f3n de conformar el fideicomiso para sostener el precio del trigo se enmarca en escenario internacional de turbulencias<\/strong>\u00ab, se\u00f1al\u00f3.<\/p>\n\n\n\n<p>Kulfas, anunci\u00f3 tambi\u00e9n que se lanzar\u00e1 una \u201cl\u00ednea de cr\u00e9ditos por $8.000 millones a tasa subsidiada para la industria molinera\u201d con el objetivo de que los molinos aceleren la compra de trigo para producir harina pero eviten \u201cun traslado masivo de precios a la mesa de los argentinos\u201d.<\/p>\n\n\n\n<p>Fuente: El Territorio<\/p>\n","protected":false},"excerpt":{"rendered":"<p>En conferencia de prensa, el ministro de Desarrollo Productivo marc\u00f3, las primeras l\u00edneas de las<\/p>\n","protected":false},"author":1,"featured_media":26128,"comment_status":"open","ping_status":"open","sticky":false,"template":"","format":"standard","meta":{"footnotes":""},"categories":[1,227],"tags":[],"class_list":["post-26127","post","type-post","status-publish","format-standard","has-post-thumbnail","hentry","category-actualidad","category-nacionales"],"_links":{"self":[{"href":"https:\/\/actualizateiguazu.com\/v3\/wp-json\/wp\/v2\/posts\/26127","targetHints":{"allow":["GET"]}}],"collection":[{"href":"https:\/\/actualizateiguazu.com\/v3\/wp-json\/wp\/v2\/posts"}],"about":[{"href":"https:\/\/actualizateiguazu.com\/v3\/wp-json\/wp\/v2\/types\/post"}],"author":[{"embeddable":true,"href":"https:\/\/actualizateiguazu.com\/v3\/wp-json\/wp\/v2\/users\/1"}],"replies":[{"embeddable":true,"href":"https:\/\/actualizateiguazu.com\/v3\/wp-json\/wp\/v2\/comments?post=26127"}],"version-history":[{"count":1,"href":"https:\/\/actualizateiguazu.com\/v3\/wp-json\/wp\/v2\/posts\/26127\/revisions"}],"predecessor-version":[{"id":26129,"href":"https:\/\/actualizateiguazu.com\/v3\/wp-json\/wp\/v2\/posts\/26127\/revisions\/26129"}],"wp:featuredmedia":[{"embeddable":true,"href":"https:\/\/actualizateiguazu.com\/v3\/wp-json\/wp\/v2\/media\/26128"}],"wp:attachment":[{"href":"https:\/\/actualizateiguazu.com\/v3\/wp-json\/wp\/v2\/media?parent=26127"}],"wp:term":[{"taxonomy":"category","embeddable":true,"href":"https:\/\/actualizateiguazu.com\/v3\/wp-json\/wp\/v2\/categories?post=26127"},{"taxonomy":"post_tag","embeddable":true,"href":"https:\/\/actualizateiguazu.com\/v3\/wp-json\/wp\/v2\/tags?post=26127"}],"curies":[{"name":"wp","href":"https:\/\/api.w.org\/{rel}","templated":true}]}}