{"id":26130,"date":"2022-03-21T23:24:35","date_gmt":"2022-03-21T23:24:35","guid":{"rendered":"http:\/\/actualizateiguazu.com\/v3\/?p=26130"},"modified":"2022-03-21T23:24:39","modified_gmt":"2022-03-21T23:24:39","slug":"antigripal-cerca-de-280-mil-misioneros-integran-la-poblacion-objetivo-2022","status":"publish","type":"post","link":"https:\/\/actualizateiguazu.com\/v3\/2022\/03\/21\/antigripal-cerca-de-280-mil-misioneros-integran-la-poblacion-objetivo-2022\/","title":{"rendered":"Antigripal: cerca de 280 mil misioneros integran la poblaci\u00f3n objetivo 2022"},"content":{"rendered":"\n<p><strong>Este viernes, 25 de marzo, se dar\u00e1 inicio a la Campa\u00f1a de Vacunaci\u00f3n antigripal 2022 en Misiones, junto al resto de las provincias argentinas, con una poblaci\u00f3n objetivo a inmunizar de 279.658 misioneros<\/strong>.<\/p>\n\n\n\n<p>La vacunaci\u00f3n dar\u00e1 inicio, el viernes, con el personal de salud, embarazadas y pu\u00e9rperas. Sum\u00e1ndose posteriormente el resto de los grupos.<\/p>\n\n\n\n<p>Ma\u00f1ana, martes, <strong>ingresan las primeras 35.840 dosis a la provincia, para dar inicio a la campa\u00f1a.<\/strong> Este a\u00f1o, a la poblaci\u00f3n objetivo de la vacuna antigripal, se suma el grupo personal estrat\u00e9gico, que incluye docentes, fuerzas de seguridad, entre otros.<\/p>\n\n\n\n<p>\u201c<strong>La vacuna antigripal es una herramienta eficaz para proteger la enfermedad, adem\u00e1s, contribuye a limitar la circulaci\u00f3n viral en la comunidad, disminuye la internaci\u00f3n, las complicaciones, las secuelas y la mortalidad. La vacuna antigripal se aplica en forma anual, es gratuita y est\u00e1n s en Hospitales y Centros de Atenci\u00f3n Primaria de la Salud de la provincia<\/strong>\u201d, remarc\u00f3 el Jefe de Inmunizaciones, Enfermero Roberto Lima.<\/p>\n\n\n\n<figure class=\"wp-block-image size-large\"><img loading=\"lazy\" decoding=\"async\" width=\"1024\" height=\"654\" src=\"https:\/\/actualizateiguazu.com\/v3\/wp-content\/uploads\/2022\/03\/WhatsApp-Image-2022-03-21-at-20.10.20-1024x654.jpeg\" alt=\"\" class=\"wp-image-26131\" srcset=\"https:\/\/actualizateiguazu.com\/v3\/wp-content\/uploads\/2022\/03\/WhatsApp-Image-2022-03-21-at-20.10.20-1024x654.jpeg 1024w, https:\/\/actualizateiguazu.com\/v3\/wp-content\/uploads\/2022\/03\/WhatsApp-Image-2022-03-21-at-20.10.20-300x191.jpeg 300w, https:\/\/actualizateiguazu.com\/v3\/wp-content\/uploads\/2022\/03\/WhatsApp-Image-2022-03-21-at-20.10.20-768x490.jpeg 768w, https:\/\/actualizateiguazu.com\/v3\/wp-content\/uploads\/2022\/03\/WhatsApp-Image-2022-03-21-at-20.10.20.jpeg 1280w\" sizes=\"auto, (max-width: 1024px) 100vw, 1024px\" \/><\/figure>\n\n\n\n<p><strong>Poblaci\u00f3n Objetivo<\/strong><\/p>\n\n\n\n<p>Incorporada al Calendario Nacional de Vacunaci\u00f3n, la vacuna contra la gripe debe ser recibida todos los a\u00f1os a los siguientes grupos de riesgos:<\/p>\n\n\n\n<ul class=\"wp-block-list\"><li><strong>Personal de salud<\/strong><\/li><li><strong>Embarazadas en cualquier trimestre de gestaci\u00f3n<\/strong><\/li><li><strong>Pu\u00e9rperas<\/strong><\/li><li><strong>Ni\u00f1os de entre 6 y 24 meses de edad inclusive<\/strong><\/li><li><strong>Personas de entre 2 y 64 a\u00f1os, inclusive, con factores de riesgo: <\/strong>Enfermedades respiratorias cr\u00f3nicas, Enfermedades card\u00edacas, Inmunodeficiencias cong\u00e9nitas o adquiridas (no oncohematol\u00f3gica), Pacientes oncohematol\u00f3gicos y trasplantados, Obesidad m\u00f3rbida, Diabetes, Insuficiencia renal cr\u00f3nica en di\u00e1lisis o expectativas de ingresar a di\u00e1lisis en los siguientes seis meses, Retraso madurativo grave en menores de 18 a\u00f1os de edad, S\u00edndromes gen\u00e9ticos, enfermedades neuromusculares con compromiso respiratorio y malformaciones cong\u00e9nitas graves,&nbsp; Tratamiento cr\u00f3nico con \u00e1cido acetilsalic\u00edlico en menores de 18 a\u00f1os, Convivientes de personas con enfermedad oncohematol\u00f3gica y Convivientes de reci\u00e9n nacidos prematuros menores de 1.500 g.<\/li><li><strong>Adultos mayores de 65 a\u00f1os y m\u00e1s.<\/strong><\/li><li><strong>Personal estrat\u00e9gico.<\/strong><\/li><\/ul>\n","protected":false},"excerpt":{"rendered":"<p>Este viernes, 25 de marzo, se dar\u00e1 inicio a la Campa\u00f1a de Vacunaci\u00f3n antigripal 2022<\/p>\n","protected":false},"author":1,"featured_media":26132,"comment_status":"open","ping_status":"open","sticky":false,"template":"","format":"standard","meta":{"footnotes":""},"categories":[1,229],"tags":[],"class_list":["post-26130","post","type-post","status-publish","format-standard","has-post-thumbnail","hentry","category-actualidad","category-provinciales"],"_links":{"self":[{"href":"https:\/\/actualizateiguazu.com\/v3\/wp-json\/wp\/v2\/posts\/26130","targetHints":{"allow":["GET"]}}],"collection":[{"href":"https:\/\/actualizateiguazu.com\/v3\/wp-json\/wp\/v2\/posts"}],"about":[{"href":"https:\/\/actualizateiguazu.com\/v3\/wp-json\/wp\/v2\/types\/post"}],"author":[{"embeddable":true,"href":"https:\/\/actualizateiguazu.com\/v3\/wp-json\/wp\/v2\/users\/1"}],"replies":[{"embeddable":true,"href":"https:\/\/actualizateiguazu.com\/v3\/wp-json\/wp\/v2\/comments?post=26130"}],"version-history":[{"count":1,"href":"https:\/\/actualizateiguazu.com\/v3\/wp-json\/wp\/v2\/posts\/26130\/revisions"}],"predecessor-version":[{"id":26133,"href":"https:\/\/actualizateiguazu.com\/v3\/wp-json\/wp\/v2\/posts\/26130\/revisions\/26133"}],"wp:featuredmedia":[{"embeddable":true,"href":"https:\/\/actualizateiguazu.com\/v3\/wp-json\/wp\/v2\/media\/26132"}],"wp:attachment":[{"href":"https:\/\/actualizateiguazu.com\/v3\/wp-json\/wp\/v2\/media?parent=26130"}],"wp:term":[{"taxonomy":"category","embeddable":true,"href":"https:\/\/actualizateiguazu.com\/v3\/wp-json\/wp\/v2\/categories?post=26130"},{"taxonomy":"post_tag","embeddable":true,"href":"https:\/\/actualizateiguazu.com\/v3\/wp-json\/wp\/v2\/tags?post=26130"}],"curies":[{"name":"wp","href":"https:\/\/api.w.org\/{rel}","templated":true}]}}