{"id":26142,"date":"2022-03-21T23:50:17","date_gmt":"2022-03-21T23:50:17","guid":{"rendered":"http:\/\/actualizateiguazu.com\/v3\/?p=26142"},"modified":"2022-03-21T23:50:22","modified_gmt":"2022-03-21T23:50:22","slug":"semana-de-la-memoria-estreno-simultaneo-del-documental-gallo-fino","status":"publish","type":"post","link":"https:\/\/actualizateiguazu.com\/v3\/2022\/03\/21\/semana-de-la-memoria-estreno-simultaneo-del-documental-gallo-fino\/","title":{"rendered":"Semana de la memoria: estreno simult\u00e1neo del documental Gallo Fino"},"content":{"rendered":"\n<p>En la semana de la Memoria, el Instituto de Artes Audiovisuales de Misiones (IAAviM) invita a ver \u201cGallo Fino\u201d, <strong>largometraje documental del misionero Sebasti\u00e1n Korol en el cual reconstruye la historia de vida del sacerdote Jos\u00e9 Czerepak, figura destacada del Movimiento Agrario de Misiones (MAM) en la d\u00e9cada de 1970<\/strong>.<\/p>\n\n\n\n<p>En v\u00edsperas a una nueva conmemoraci\u00f3n del D\u00eda Nacional de la Memoria por la Verdad y la Justicia,\u00a0 la Gerencia de Exhibici\u00f3n, Distribuci\u00f3n y Comercializaci\u00f3n, a trav\u00e9s del programa Mir\u00e1 IAAviM, organiza un estreno simult\u00e1neo que abarca la emisi\u00f3n de la pel\u00edcula por canales de la provincia, proyecci\u00f3n con Cine M\u00f3vil, en Salas IAAviM y escuelas.<\/p>\n\n\n\n<figure class=\"wp-block-image size-large\"><img loading=\"lazy\" decoding=\"async\" width=\"1024\" height=\"576\" src=\"https:\/\/actualizateiguazu.com\/v3\/wp-content\/uploads\/2022\/03\/Gallo-fino-fotograma-6-1024x576.jpg\" alt=\"\" class=\"wp-image-26144\" srcset=\"https:\/\/actualizateiguazu.com\/v3\/wp-content\/uploads\/2022\/03\/Gallo-fino-fotograma-6-1024x576.jpg 1024w, https:\/\/actualizateiguazu.com\/v3\/wp-content\/uploads\/2022\/03\/Gallo-fino-fotograma-6-300x169.jpg 300w, https:\/\/actualizateiguazu.com\/v3\/wp-content\/uploads\/2022\/03\/Gallo-fino-fotograma-6-768x432.jpg 768w, https:\/\/actualizateiguazu.com\/v3\/wp-content\/uploads\/2022\/03\/Gallo-fino-fotograma-6-1536x864.jpg 1536w, https:\/\/actualizateiguazu.com\/v3\/wp-content\/uploads\/2022\/03\/Gallo-fino-fotograma-6-800x450.jpg 800w, https:\/\/actualizateiguazu.com\/v3\/wp-content\/uploads\/2022\/03\/Gallo-fino-fotograma-6.jpg 1800w\" sizes=\"auto, (max-width: 1024px) 100vw, 1024px\" \/><\/figure>\n\n\n\n<p>Acerca de la proyecci\u00f3n m\u00faltiple, el director se\u00f1al\u00f3 que \u201ces important\u00edsimo que desde el Estado provincial se apoye a los realizadores con la exhibici\u00f3n de sus obras, a trav\u00e9s de diversas pantallas y otras modalidades de proyecci\u00f3n, como las comunitarias y en las escuelas. La vida de las pel\u00edculas depende de ese movimiento, de esos encuentros e intercambios con el p\u00fablico. Hacerlo adem\u00e1s, como ocurre con Gallo fino, en la Semana de la Memoria, es adem\u00e1s muy valioso porque creo humildemente que la obra contribuye a un necesario trabajo de reflexi\u00f3n cr\u00edtica en torno a complejos episodios de nuestra historia reciente. Realmente estoy muy agradecido con el IAAviM por posibilitar que nuestra pel\u00edcula llegue a mucha gente de la provincia\u201d.<\/p>\n\n\n\n<p><strong>Los misioneros podr\u00e1n ver Gallo Fino a trav\u00e9s de la pantalla<\/strong> de Canal 12, Misiones Cuatro, Somos Posadas, Canal 4 de Posadas, Televisi\u00f3n Universitaria UNaM Transmedia, Candelaria Cable TV, Santa Ana Cable Color, Canal 3 de Puerto Rico, Canal 4 de Eldorado y <strong>Canal 28 Ytv de Puerto Iguaz\u00fa.<\/strong><\/p>\n\n\n\n<p>Tambi\u00e9n se podr\u00e1 asistir a proyecciones libres y gratuitas que realizar\u00e1 el Cine M\u00f3vil del IAAviM en articulaci\u00f3n con municipios y espacios culturales. De este modo, el mi\u00e9rcoles 23 de marzo, a las 19 hs, el film se exhibir\u00e1 en el Museo Hist\u00f3rico de la Facultad de Arte y Dise\u00f1o de la UNaM; el jueves 24, el director presentar\u00e1 la pel\u00edcula en la Casa de la Historia y la Cultura de Montecarlo, a las 20.30 hs, y se realizar\u00e1 una segunda funci\u00f3n en la ciudad el viernes 25, a las 20.30 hs, en Vortix Espacio Creativo.<\/p>\n\n\n\n<figure class=\"wp-block-image size-large\"><img loading=\"lazy\" decoding=\"async\" width=\"1024\" height=\"576\" src=\"https:\/\/actualizateiguazu.com\/v3\/wp-content\/uploads\/2022\/03\/Gallo-fino-fotograma-3-1024x576.jpg\" alt=\"\" class=\"wp-image-26143\" srcset=\"https:\/\/actualizateiguazu.com\/v3\/wp-content\/uploads\/2022\/03\/Gallo-fino-fotograma-3-1024x576.jpg 1024w, https:\/\/actualizateiguazu.com\/v3\/wp-content\/uploads\/2022\/03\/Gallo-fino-fotograma-3-300x169.jpg 300w, https:\/\/actualizateiguazu.com\/v3\/wp-content\/uploads\/2022\/03\/Gallo-fino-fotograma-3-768x432.jpg 768w, https:\/\/actualizateiguazu.com\/v3\/wp-content\/uploads\/2022\/03\/Gallo-fino-fotograma-3-800x450.jpg 800w, https:\/\/actualizateiguazu.com\/v3\/wp-content\/uploads\/2022\/03\/Gallo-fino-fotograma-3.jpg 1209w\" sizes=\"auto, (max-width: 1024px) 100vw, 1024px\" \/><\/figure>\n\n\n\n<p>La Sala IAAviM de Puerto Piray realizar\u00e1 funciones en escuelas el 21, 22, 23 y 25 de marzo, esta \u00faltima abierta tambi\u00e9n a todo p\u00fablico. Por su parte, la Sala IAAviM de Santa Ana que funciona en la Biblioteca Popular Sarmiento, presentar\u00e1 Gallo Fino para su comunidad el mi\u00e9rcoles 23. En San Pedro, podr\u00e1 verse el 24 de marzo, a las 19 hs, en la Sala IAAviM que funciona en la Biblioteca Popular Thay Morgenstern.<\/p>\n\n\n\n<p>La pel\u00edcula, realizada \u00edntegramente en la provincia, cont\u00f3 con el apoyo del Instituto Nacional de Cine y Artes Audiovisuales, el Instituto de Artes Audiovisuales de Misiones y de la Secretar\u00eda de Estado de Cultura. Adem\u00e1s, el recordado documentalista misionero H\u00e9ctor Jaquet, acompa\u00f1\u00f3 al joven realizador durante el rodaje desde la direcci\u00f3n de registro testimonial.<\/p>\n\n\n\n<p>En relaci\u00f3n a c\u00f3mo se acerca a la historia del sacerdote Jos\u00e9 Czerepak, Korol cont\u00f3 que \u201c<strong>poco antes de morir, en 2011, me comparti\u00f3 parte de su archivo personal, especialmente de los a\u00f1os en los que fue asesor y militante del Movimiento Agrario de Misiones. Eran much\u00edsimas fotos, recortes de diarios, copias mecanografiadas de sus discursos, ejemplares del peri\u00f3dico del MAM \u00a8Amanecer Agrario\u00a8, entre otros materiales. En ese momento inici\u00e9 una investigaci\u00f3n biogr\u00e1fica, que se plasm\u00f3 al a\u00f1o siguiente en una cr\u00f3nica en la revista Superficie. Luego segu\u00ed investigando, registr\u00e9 numerosos testimonios, sum\u00e9 m\u00e1s documentos hist\u00f3ricos, rescat\u00e9 entrevistas audiovisuales in\u00e9ditas a Czerepak y empec\u00e9 a escribir un libro -que ser\u00e1 publicado este a\u00f1o a trav\u00e9s de la Editorial Universitaria de la UNaM-. Pero, adem\u00e1s, quise aprovechar todo ese archivo tan rico que hab\u00eda podido recopilar y hacer un segundo homenaje a trav\u00e9s del documental a esta figura que fue clave en los procesos de lucha popular de Misiones<\/strong>\u201d.<\/p>\n\n\n\n<figure class=\"wp-block-image size-large\"><img loading=\"lazy\" decoding=\"async\" width=\"1024\" height=\"678\" src=\"https:\/\/actualizateiguazu.com\/v3\/wp-content\/uploads\/2022\/03\/foto-archivo-histo\u0301rico-Czerepak-1024x678.jpg\" alt=\"\" class=\"wp-image-26146\" srcset=\"https:\/\/actualizateiguazu.com\/v3\/wp-content\/uploads\/2022\/03\/foto-archivo-histo\u0301rico-Czerepak-1024x678.jpg 1024w, https:\/\/actualizateiguazu.com\/v3\/wp-content\/uploads\/2022\/03\/foto-archivo-histo\u0301rico-Czerepak-300x199.jpg 300w, https:\/\/actualizateiguazu.com\/v3\/wp-content\/uploads\/2022\/03\/foto-archivo-histo\u0301rico-Czerepak-768x509.jpg 768w, https:\/\/actualizateiguazu.com\/v3\/wp-content\/uploads\/2022\/03\/foto-archivo-histo\u0301rico-Czerepak-1536x1017.jpg 1536w, https:\/\/actualizateiguazu.com\/v3\/wp-content\/uploads\/2022\/03\/foto-archivo-histo\u0301rico-Czerepak.jpg 1700w\" sizes=\"auto, (max-width: 1024px) 100vw, 1024px\" \/><\/figure>\n\n\n\n<p>Jos\u00e9 Mariano Czerepak naci\u00f3 el 19 de marzo de 1934 en Corpus, Misiones. Durante su infancia vivi\u00f3 y trabaj\u00f3 en la chacra con su familia ubicada en Colonia Gisela. El 4 de diciembre de 1960 fue ordenado sacerdote y durante sus primeros a\u00f1os predic\u00f3 en iglesias de Posadas. Identificado con la teolog\u00eda de la liberaci\u00f3n, llega a Montecarlo, donde fue asesor del Movimiento Agrario Misionero (MAM). En las elecciones misioneras del 13 de abril de 1975, fue candidato a diputado provincial por el Partido (Peronista) Aut\u00e9ntico. Czerepak, fue detenido por la \u00faltima dictadura c\u00edvico-militar, siendo encarcelado por varios a\u00f1os y finalmente expulsado del pa\u00eds. Se exili\u00f3 en Alemania y con el regreso de la democracia, se instal\u00f3 en Colonia Alberdi para continuar con su tarea pastoral en defensa de la dignidad humana.<\/p>\n\n\n\n<p>El documental de Sebasti\u00e1n Korol <strong>permite reconstruir parte de la historia del pueblo misionero en esta semana tan particular para la memoria de todos los argentinos, a 46 a\u00f1os del \u00faltimo golpe c\u00edvico-militar.<\/strong><\/p>\n\n\n\n<p>\u00bfD\u00f3nde ver Gallo Fino por TV?<\/p>\n\n\n\n<p>. Canal 12&nbsp; &#8211; Posadas: s\u00e1bado 26 de marzo, 23hs (o a la medianoche)<\/p>\n\n\n\n<p>. Canal 4 Posadas: domingo 9 hs<\/p>\n\n\n\n<p>. Canal Misiones Cuatro: s\u00e1bado, 12:30 hs<\/p>\n\n\n\n<p>. Somos Posadas Canal 5 Posadas: mi\u00e9rcoles 23, 9 hs (repeticiones jueves de 18 a 19 \/\/ domingo a las 17.30 hs)<\/p>\n\n\n\n<p>. Televisi\u00f3n Universitaria UNaM Transmedia: s\u00e1bado 26 y domingo 27, a las 16 hs (repetici\u00f3n: s\u00e1bado y domingo a la medianoche)<\/p>\n\n\n\n<p>. Candelaria Tv Cable: jueves 24, a las 21:30 aprox. (repetici\u00f3n viernes 14 aprox.)<\/p>\n\n\n\n<p>. Santa Ana Cable Color: martes 22, 18 hs (repetici\u00f3n mi\u00e9rcoles y jueves mismo horario)<\/p>\n\n\n\n<p>. Canal 3 de Puerto Rico: jueves 24 de marzo, 18 hs (repetici\u00f3n viernes 10 horas)<\/p>\n\n\n\n<p>. Canal 4 de Eldorado: viernes 25, 22 hs (repetici\u00f3n domingo a las 22 hs)<\/p>\n\n\n\n<p>. Canal 28 Ytv de Puerto Iguaz\u00fa: s\u00e1bado 26, a las 22 hs y domingo 27, a las 10:45 hs<\/p>\n","protected":false},"excerpt":{"rendered":"<p>En la semana de la Memoria, el Instituto de Artes Audiovisuales de Misiones (IAAviM) invita<\/p>\n","protected":false},"author":1,"featured_media":26147,"comment_status":"open","ping_status":"open","sticky":false,"template":"","format":"standard","meta":{"footnotes":""},"categories":[222],"tags":[],"class_list":["post-26142","post","type-post","status-publish","format-standard","has-post-thumbnail","hentry","category-cultura"],"_links":{"self":[{"href":"https:\/\/actualizateiguazu.com\/v3\/wp-json\/wp\/v2\/posts\/26142","targetHints":{"allow":["GET"]}}],"collection":[{"href":"https:\/\/actualizateiguazu.com\/v3\/wp-json\/wp\/v2\/posts"}],"about":[{"href":"https:\/\/actualizateiguazu.com\/v3\/wp-json\/wp\/v2\/types\/post"}],"author":[{"embeddable":true,"href":"https:\/\/actualizateiguazu.com\/v3\/wp-json\/wp\/v2\/users\/1"}],"replies":[{"embeddable":true,"href":"https:\/\/actualizateiguazu.com\/v3\/wp-json\/wp\/v2\/comments?post=26142"}],"version-history":[{"count":1,"href":"https:\/\/actualizateiguazu.com\/v3\/wp-json\/wp\/v2\/posts\/26142\/revisions"}],"predecessor-version":[{"id":26148,"href":"https:\/\/actualizateiguazu.com\/v3\/wp-json\/wp\/v2\/posts\/26142\/revisions\/26148"}],"wp:featuredmedia":[{"embeddable":true,"href":"https:\/\/actualizateiguazu.com\/v3\/wp-json\/wp\/v2\/media\/26147"}],"wp:attachment":[{"href":"https:\/\/actualizateiguazu.com\/v3\/wp-json\/wp\/v2\/media?parent=26142"}],"wp:term":[{"taxonomy":"category","embeddable":true,"href":"https:\/\/actualizateiguazu.com\/v3\/wp-json\/wp\/v2\/categories?post=26142"},{"taxonomy":"post_tag","embeddable":true,"href":"https:\/\/actualizateiguazu.com\/v3\/wp-json\/wp\/v2\/tags?post=26142"}],"curies":[{"name":"wp","href":"https:\/\/api.w.org\/{rel}","templated":true}]}}