{"id":26161,"date":"2022-03-22T13:00:16","date_gmt":"2022-03-22T13:00:16","guid":{"rendered":"http:\/\/actualizateiguazu.com\/v3\/?p=26161"},"modified":"2022-03-22T13:00:23","modified_gmt":"2022-03-22T13:00:23","slug":"iguazu-preven-una-ocupacion-hotelera-del-90-por-ciento-durante-semana-santa","status":"publish","type":"post","link":"https:\/\/actualizateiguazu.com\/v3\/2022\/03\/22\/iguazu-preven-una-ocupacion-hotelera-del-90-por-ciento-durante-semana-santa\/","title":{"rendered":"Iguaz\u00fa: Prev\u00e9n una ocupaci\u00f3n hotelera del 90 por ciento Durante Semana Santa"},"content":{"rendered":"\n<p>El fin de semana extra largo de Semana Santa es uno de los m\u00e1s esperados por los operadores tur\u00edsticos ya que se espera una gran afluencia de turistas, hist\u00f3ricamente siempre fue la fecha en la que los trabajadores tur\u00edsticos aprovechan para ahorrar y as\u00ed afrontar la temporada baja hasta las vacaciones de julio. <strong>Hasta el momento todo indica que ser\u00e1 un fin de semana existoso ya que prev\u00e9n un 90 por ciento de ocupaci\u00f3n<\/strong>.<\/p>\n\n\n\n<p>Desde el Iturem auguran una temporada tur\u00edstica de Semana Santa con mucho movimiento, el fin de semana de pascuas es un periodo donde los visitantes arriban en sus veh\u00edculos particulares y sin reservas, es por ello que animan a los visitantes hacer las reservas correspondientes no solo en los alojamientos sino tambi\u00e9n garantizar el ticket a Cataratas con anticipaci\u00f3n para evitar malos momentos.&nbsp;&nbsp;&nbsp;&nbsp;<\/p>\n\n\n\n<p>Al respecto Leopoldo Lucas presidente del ITRUREM indico \u201c<strong>el mes de abril se avecina con excelentes proyecciones, teniendo en cuenta que se transitar\u00e1 la Semana Santa, con lo cual la ocupaci\u00f3n estar\u00e1 en cifras semejantes al 90% e inclusive con establecimientos operando a capacidad plena\u201d y agreg\u00f3 \u201cla visi\u00f3n ya est\u00e1 posicionada en los meses mayo y junio, \u00e9poca en que la demanda tiende a decrecer, donde se buscar\u00e1 continuar con el \u00e9nfasis promocional para que los turistas elijan el destino a trav\u00e9s de diferentes acciones y eventos que buscar\u00e1n captar a los visitante<\/strong>s\u201d<\/p>\n\n\n\n<p>Haciendo referencia al actual movimiento tur\u00edstico Lucas asevero \u201cLuego de haber recorrido un ansiado y excelente verano2022; la ciudad de las cataratas sigue la senda de continuar trabajando para que la reactivaci\u00f3n de la actividad tur\u00edstica sea perdurable. El cuidado permanente de nuestros visitantes junto a las diferentes campa\u00f1as de fomento y promoci\u00f3n del destino, hacen que Iguaz\u00fa se posicione entre los m\u00e1s solicitados para visitar\u201d<\/p>\n\n\n\n<p>\u00a0\u00a0\u00a0\u00a0\u00a0\u00a0\u00a0\u00a0\u00a0\u00a0\u00a0\u00a0\u00a0\u00a0\u00a0\u00a0\u00a0\u00a0\u00a0\u00a0\u00a0\u00a0\u00a0\u00a0\u00a0\u00a0\u00a0\u00a0\u00a0\u00a0\u00a0\u00a0\u00a0\u00a0\u00a0\u00a0\u00a0\u00a0\u00a0\u00a0\u00a0\u00a0\u00a0\u00a0\u00a0\u00a0\u00a0\u00a0\u00a0\u00a0\u00a0\u00a0\u00a0\u00a0\u00a0\u00a0\u00a0\u00a0\u00a0\u00a0\u00a0\u00a0\u00a0\u00a0\u00a0\u00a0\u00a0\u00a0\u00a0\u00a0\u00a0\u00a0\u00a0\u00a0\u00a0\u00a0\u00a0\u00a0\u00a0\u00a0\u00a0\u00a0\u00a0\u00a0\u00a0\u00a0\u00a0\u00a0\u00a0\u00a0\u00a0\u00a0\u00a0\u00a0\u00a0\u00a0\u00a0\u00a0\u00a0\u00a0\u00a0\u00a0\u00a0\u00a0\u00a0\u00a0\u00a0\u00a0\u00a0\u00a0\u00a0\u00a0\u00a0\u00a0\u00a0\u00a0\u00a0\u00a0\u00a0\u00a0\u00a0\u00a0\u00a0\u00a0\u00a0\u00a0\u00a0\u00a0\u00a0\u00a0\u00a0\u00a0\u00a0\u00a0\u00a0\u00a0\u00a0\u00a0\u00a0\u00a0\u00a0\u00a0\u00a0\u00a0\u00a0\u00a0\u00a0\u00a0\u00a0\u00a0\u00a0\u00a0\u00a0\u00a0\u00a0\u00a0\u00a0\u00a0\u00a0\u00a0\u00a0\u00a0\u00a0\u00a0\u00a0\u00a0\u00a0\u00a0\u00a0\u00a0 \u201c<strong>El mes de marzo est\u00e1 dejando un excelente resultado del flujo tur\u00edstico, caracterizado por una gama de eventos e incentivos grupales que permiten sostener la demanda hacia las diferentes actividades; resultando en una ocupaci\u00f3n media en torno al 72% &#8211; numero alto teniendo en cuenta la estacionalidad de la fecha \u2013 y un promedio diario de visitantes a las cataratas que oscila en los 3.089 ingresos<\/strong>\u201d remat\u00f3<\/p>\n\n\n\n<p>Desde el Parque Nacional Iguaz\u00fa informaron que, durante el mes de marzo hasta el 21 inclusive ingresaron a Cataratas 65.281 visitantes y en lo que va del a\u00f1o ya se contabilizan 347.785 turistas.<\/p>\n","protected":false},"excerpt":{"rendered":"<p>El fin de semana extra largo de Semana Santa es uno de los m\u00e1s esperados<\/p>\n","protected":false},"author":1,"featured_media":26162,"comment_status":"open","ping_status":"open","sticky":false,"template":"","format":"standard","meta":{"footnotes":""},"categories":[1,226],"tags":[],"class_list":["post-26161","post","type-post","status-publish","format-standard","has-post-thumbnail","hentry","category-actualidad","category-locales"],"_links":{"self":[{"href":"https:\/\/actualizateiguazu.com\/v3\/wp-json\/wp\/v2\/posts\/26161","targetHints":{"allow":["GET"]}}],"collection":[{"href":"https:\/\/actualizateiguazu.com\/v3\/wp-json\/wp\/v2\/posts"}],"about":[{"href":"https:\/\/actualizateiguazu.com\/v3\/wp-json\/wp\/v2\/types\/post"}],"author":[{"embeddable":true,"href":"https:\/\/actualizateiguazu.com\/v3\/wp-json\/wp\/v2\/users\/1"}],"replies":[{"embeddable":true,"href":"https:\/\/actualizateiguazu.com\/v3\/wp-json\/wp\/v2\/comments?post=26161"}],"version-history":[{"count":1,"href":"https:\/\/actualizateiguazu.com\/v3\/wp-json\/wp\/v2\/posts\/26161\/revisions"}],"predecessor-version":[{"id":26163,"href":"https:\/\/actualizateiguazu.com\/v3\/wp-json\/wp\/v2\/posts\/26161\/revisions\/26163"}],"wp:featuredmedia":[{"embeddable":true,"href":"https:\/\/actualizateiguazu.com\/v3\/wp-json\/wp\/v2\/media\/26162"}],"wp:attachment":[{"href":"https:\/\/actualizateiguazu.com\/v3\/wp-json\/wp\/v2\/media?parent=26161"}],"wp:term":[{"taxonomy":"category","embeddable":true,"href":"https:\/\/actualizateiguazu.com\/v3\/wp-json\/wp\/v2\/categories?post=26161"},{"taxonomy":"post_tag","embeddable":true,"href":"https:\/\/actualizateiguazu.com\/v3\/wp-json\/wp\/v2\/tags?post=26161"}],"curies":[{"name":"wp","href":"https:\/\/api.w.org\/{rel}","templated":true}]}}