{"id":26198,"date":"2022-03-23T18:45:59","date_gmt":"2022-03-23T18:45:59","guid":{"rendered":"http:\/\/actualizateiguazu.com\/v3\/?p=26198"},"modified":"2022-03-23T18:46:06","modified_gmt":"2022-03-23T18:46:06","slug":"nina-de-2-anos-murio-ahogada-tras-caer-a-un-arroyo-en-ciudad-del-este","status":"publish","type":"post","link":"https:\/\/actualizateiguazu.com\/v3\/2022\/03\/23\/nina-de-2-anos-murio-ahogada-tras-caer-a-un-arroyo-en-ciudad-del-este\/","title":{"rendered":"Ni\u00f1a de 2 a\u00f1os muri\u00f3 ahogada tras caer a un arroyo en Ciudad del Este"},"content":{"rendered":"\n<p>La fuerte lluvia y los raudales consecuentes que se formaron sobre todo en zonas bajas termin\u00f3 en una tragedia en Ciudad del Este. <strong>Una ni\u00f1a de dos a\u00f1os fue arrastrada por el agua y cay\u00f3 a un arroyo, siendo rescatado su cuerpo sin vida. Ocurri\u00f3 a las 12:30 aproximadamente de este martes, en la fracci\u00f3n Ka\u2019aguy Rory del kil\u00f3metro 8.5, en el lado Acaray de Ciudad del Este. El hallazgo ya se produjo a las 13:40<\/strong>.<\/p>\n\n\n\n<p>Seg\u00fan detall\u00f3 La Nacion de Ciudad del Este, <strong>la casa donde viven est\u00e1 ubicada cerca del arroyo y, seg\u00fan relat\u00f3 el padre, quien se encontraba fuera de la casa trabajando, en su vivienda quedaron sus dos hijas con la madre. La ni\u00f1a se encontraba durmiendo en su pieza y la madre fue hasta la casa de un vecino a buscar algunas cosas, pero al volver ya no encontr\u00f3 a su hija<\/strong>.<\/p>\n\n\n\n<p>Edilson padre de la ni\u00f1a relat\u00f3 que cuando la mujer no encontr\u00f3 a la ni\u00f1a ya presumieron que pod\u00eda haber ca\u00eddo al arroyo, que a esa hora estaba con un volumen muy grande y con velocidad hacia el lago Acaray. Con la ayuda de vecinos y bomberos encontraron a la ni\u00f1a ya muerta, a unos 700 metros del lugar donde habr\u00eda ca\u00eddo. Intervinieron el m\u00e9dico forense An\u00edbal Duarte y el fiscal Edgar Torales.<\/p>\n","protected":false},"excerpt":{"rendered":"<p>La fuerte lluvia y los raudales consecuentes que se formaron sobre todo en zonas bajas<\/p>\n","protected":false},"author":1,"featured_media":26199,"comment_status":"open","ping_status":"open","sticky":false,"template":"","format":"standard","meta":{"footnotes":""},"categories":[1,224,225],"tags":[],"class_list":["post-26198","post","type-post","status-publish","format-standard","has-post-thumbnail","hentry","category-actualidad","category-el-mundo","category-internacionales"],"_links":{"self":[{"href":"https:\/\/actualizateiguazu.com\/v3\/wp-json\/wp\/v2\/posts\/26198","targetHints":{"allow":["GET"]}}],"collection":[{"href":"https:\/\/actualizateiguazu.com\/v3\/wp-json\/wp\/v2\/posts"}],"about":[{"href":"https:\/\/actualizateiguazu.com\/v3\/wp-json\/wp\/v2\/types\/post"}],"author":[{"embeddable":true,"href":"https:\/\/actualizateiguazu.com\/v3\/wp-json\/wp\/v2\/users\/1"}],"replies":[{"embeddable":true,"href":"https:\/\/actualizateiguazu.com\/v3\/wp-json\/wp\/v2\/comments?post=26198"}],"version-history":[{"count":1,"href":"https:\/\/actualizateiguazu.com\/v3\/wp-json\/wp\/v2\/posts\/26198\/revisions"}],"predecessor-version":[{"id":26200,"href":"https:\/\/actualizateiguazu.com\/v3\/wp-json\/wp\/v2\/posts\/26198\/revisions\/26200"}],"wp:featuredmedia":[{"embeddable":true,"href":"https:\/\/actualizateiguazu.com\/v3\/wp-json\/wp\/v2\/media\/26199"}],"wp:attachment":[{"href":"https:\/\/actualizateiguazu.com\/v3\/wp-json\/wp\/v2\/media?parent=26198"}],"wp:term":[{"taxonomy":"category","embeddable":true,"href":"https:\/\/actualizateiguazu.com\/v3\/wp-json\/wp\/v2\/categories?post=26198"},{"taxonomy":"post_tag","embeddable":true,"href":"https:\/\/actualizateiguazu.com\/v3\/wp-json\/wp\/v2\/tags?post=26198"}],"curies":[{"name":"wp","href":"https:\/\/api.w.org\/{rel}","templated":true}]}}