{"id":26201,"date":"2022-03-23T19:15:24","date_gmt":"2022-03-23T19:15:24","guid":{"rendered":"http:\/\/actualizateiguazu.com\/v3\/?p=26201"},"modified":"2022-03-23T19:15:29","modified_gmt":"2022-03-23T19:15:29","slug":"tras-los-hechos-de-violencia-denunciaron-en-posadas-a-las-policias-que-agredieron-a-los-guaranies","status":"publish","type":"post","link":"https:\/\/actualizateiguazu.com\/v3\/2022\/03\/23\/tras-los-hechos-de-violencia-denunciaron-en-posadas-a-las-policias-que-agredieron-a-los-guaranies\/","title":{"rendered":"Tras los hechos de violencia denunciaron en Posadas a las polic\u00edas que agredieron a los guaran\u00edes"},"content":{"rendered":"\n<p>Tras los repudiables hechos de violencia y discriminaci\u00f3n que sucedieron la semana pasada en la comunidad Mbya Guarani Mbokajaty, San Ignacio, y quedaron a la vista de todos,<strong> miembros de la Comunidad junto a la abogada Roxana Rivas se acercaron hasta la capital provincial a realizar distintas denuncias y peticiones a los organismos competentes.<\/strong><\/p>\n\n\n\n<p>Mario Borjas, mburuvicha de la Comunidad Ka\u2019a Kupe, Ruiz de Montoya, acompa\u00f1\u00f3 a su par de Mbokajaty, Bernardino Villalba. \u201c<strong>Esto nos oblig\u00f3 a venir a Posadas a dar nuestra voz y que nos escuchen donde corresponde<\/strong>\u201d, dijo.<\/p>\n\n\n\n<p><strong>En el Instituto Nacional contra la Discriminaci\u00f3n, la Xenofobia y el Racismo (INADI), se realiz\u00f3 una presentaci\u00f3n denunciando puntualmente a la familia Almoa, perpetradores de la violencia, quienes agredieron a los miembros de la Comunidad con t\u00e9rminos absolutamente discriminatorios y cometieron arrebatos f\u00edsicos contra ellos<\/strong>. Dicha presentaci\u00f3n ser\u00e1 ampliada con todos los antecedentes de las denuncias previas que fueron haciendo.<\/p>\n\n\n\n<p>Por otra parte, llevaron el caso al <strong>Ministerio de Gobierno, a cargo de Marcelo P\u00e9rez, donde dejaron en evidencia la gravedad institucional que supone que dos uniformadas -hijas de Almoa- hayan intervenido en esos t\u00e9rminos, una armada y sin autorizaci\u00f3n, demostrando una gran impunidad, adem\u00e1s de haber obstaculizado varios intentos de denuncias contra los atropellos a su territorio, relevado por ley 26160.<\/strong><\/p>\n\n\n\n<figure class=\"wp-block-image size-large\"><img loading=\"lazy\" decoding=\"async\" width=\"1024\" height=\"1024\" src=\"https:\/\/actualizateiguazu.com\/v3\/wp-content\/uploads\/2022\/03\/WhatsApp-Image-2022-03-23-at-13.29.49-1024x1024.jpeg\" alt=\"\" class=\"wp-image-26203\" srcset=\"https:\/\/actualizateiguazu.com\/v3\/wp-content\/uploads\/2022\/03\/WhatsApp-Image-2022-03-23-at-13.29.49-1024x1024.jpeg 1024w, https:\/\/actualizateiguazu.com\/v3\/wp-content\/uploads\/2022\/03\/WhatsApp-Image-2022-03-23-at-13.29.49-300x300.jpeg 300w, https:\/\/actualizateiguazu.com\/v3\/wp-content\/uploads\/2022\/03\/WhatsApp-Image-2022-03-23-at-13.29.49-150x150.jpeg 150w, https:\/\/actualizateiguazu.com\/v3\/wp-content\/uploads\/2022\/03\/WhatsApp-Image-2022-03-23-at-13.29.49-768x768.jpeg 768w, https:\/\/actualizateiguazu.com\/v3\/wp-content\/uploads\/2022\/03\/WhatsApp-Image-2022-03-23-at-13.29.49.jpeg 1280w\" sizes=\"auto, (max-width: 1024px) 100vw, 1024px\" \/><\/figure>\n\n\n\n<p>En este contexto, surgi\u00f3 la necesidad de realizar un pedido de audiencia con el Ministro, con el objetivo de abrir el di\u00e1logo y demostrar que este hecho es algo que trasciende a Mbokajaty, que es un problema que constantemente sufren las Comunidades del Pueblo Mbya.<\/p>\n\n\n\n<p>Finalmente, acudieron <strong>al Ministerio de Ecolog\u00eda para realizar la correspondiente presentaci\u00f3n, ya que no solamente sufrieron violencia y discriminaci\u00f3n, sino que la cuesti\u00f3n de base est\u00e1 atravesada por el avasallamiento a sus territorios, ocupados ancestralmente<\/strong>.<\/p>\n\n\n\n<p>Tambi\u00e9n se realizaron denuncias p\u00fablicas, teniendo en cuenta que en el transcurso de la ma\u00f1ana, diferentes medios provinciales se acercaron interesados en conocer los detalles de la causa y los Mbya dieron entrevistas para diarios, canales de televisi\u00f3n y radios.<\/p>\n\n\n\n<p>\u201c<strong>Esto es una discriminaci\u00f3n fuerte que queda dentro del alma de la Comunidad, se siente mucho dolor. Con este desastre quedaron asustados, con miedo de que les pase otra vez<\/strong>\u201d, expres\u00f3 Mario Borjas, que lament\u00f3 la permanente ausencia de la Direcci\u00f3n de Asuntos Guaran\u00edes, instituci\u00f3n que deber\u00eda velar por sus derechos pero que hasta el momento no se present\u00f3.<\/p>\n","protected":false},"excerpt":{"rendered":"<p>Tras los repudiables hechos de violencia y discriminaci\u00f3n que sucedieron la semana pasada en la<\/p>\n","protected":false},"author":1,"featured_media":26202,"comment_status":"open","ping_status":"open","sticky":false,"template":"","format":"standard","meta":{"footnotes":""},"categories":[1,229],"tags":[],"class_list":["post-26201","post","type-post","status-publish","format-standard","has-post-thumbnail","hentry","category-actualidad","category-provinciales"],"_links":{"self":[{"href":"https:\/\/actualizateiguazu.com\/v3\/wp-json\/wp\/v2\/posts\/26201","targetHints":{"allow":["GET"]}}],"collection":[{"href":"https:\/\/actualizateiguazu.com\/v3\/wp-json\/wp\/v2\/posts"}],"about":[{"href":"https:\/\/actualizateiguazu.com\/v3\/wp-json\/wp\/v2\/types\/post"}],"author":[{"embeddable":true,"href":"https:\/\/actualizateiguazu.com\/v3\/wp-json\/wp\/v2\/users\/1"}],"replies":[{"embeddable":true,"href":"https:\/\/actualizateiguazu.com\/v3\/wp-json\/wp\/v2\/comments?post=26201"}],"version-history":[{"count":1,"href":"https:\/\/actualizateiguazu.com\/v3\/wp-json\/wp\/v2\/posts\/26201\/revisions"}],"predecessor-version":[{"id":26204,"href":"https:\/\/actualizateiguazu.com\/v3\/wp-json\/wp\/v2\/posts\/26201\/revisions\/26204"}],"wp:featuredmedia":[{"embeddable":true,"href":"https:\/\/actualizateiguazu.com\/v3\/wp-json\/wp\/v2\/media\/26202"}],"wp:attachment":[{"href":"https:\/\/actualizateiguazu.com\/v3\/wp-json\/wp\/v2\/media?parent=26201"}],"wp:term":[{"taxonomy":"category","embeddable":true,"href":"https:\/\/actualizateiguazu.com\/v3\/wp-json\/wp\/v2\/categories?post=26201"},{"taxonomy":"post_tag","embeddable":true,"href":"https:\/\/actualizateiguazu.com\/v3\/wp-json\/wp\/v2\/tags?post=26201"}],"curies":[{"name":"wp","href":"https:\/\/api.w.org\/{rel}","templated":true}]}}