{"id":26214,"date":"2022-03-23T23:21:41","date_gmt":"2022-03-23T23:21:41","guid":{"rendered":"http:\/\/actualizateiguazu.com\/v3\/?p=26214"},"modified":"2022-03-23T23:21:44","modified_gmt":"2022-03-23T23:21:44","slug":"el-soberbio-se-prepara-para-la-3-fiesta-provincial-de-la-biodiversidad-y-la-5-edicion-de-limpieza-binacional-del-rio-uruguay","status":"publish","type":"post","link":"https:\/\/actualizateiguazu.com\/v3\/2022\/03\/23\/el-soberbio-se-prepara-para-la-3-fiesta-provincial-de-la-biodiversidad-y-la-5-edicion-de-limpieza-binacional-del-rio-uruguay\/","title":{"rendered":"El Soberbio se prepara para la 3\u00b0 Fiesta Provincial de la Biodiversidad y la 5\u00b0 edici\u00f3n de \u201cLimpieza Binacional del R\u00edo Uruguay\u201d"},"content":{"rendered":"\n<p><strong>sobre la importancia del cuidado de la biodiversidad<\/strong><em>.<\/em><\/p>\n\n\n\n<p>\u00ab<strong>Realizar esta actividad de manera conjunta con los hermanos brasileros, demuestra que no solo el r\u00edo nos une, sino tambi\u00e9n el inter\u00e9s com\u00fan de protegerlo. Para los misioneros la defensa de nuestros recursos naturales es una pol\u00edtica de Estado<\/strong>\u00ab, destac\u00f3 el ministro de Turismo, Jos\u00e9 Mar\u00eda Arr\u00faa, durante la conferencia de presentaci\u00f3n de la Fiesta de la Biodiversidad y Limpieza Binacional del R\u00edo Uruguay.<\/p>\n\n\n\n<p>Este evento, <strong>de gran importancia en la regi\u00f3n, apunta a generar conciencia sobre el cuidado del r\u00edo en particular y de la biodiversidad en general, cuyo 52% del pa\u00eds est\u00e1 concentrada en Misiones<\/strong>.&nbsp;<\/p>\n\n\n\n<p>Las actividades de limpieza comenzar\u00e1n el s\u00e1bado 26\u00a0con la recolecci\u00f3n de residuos de las banquinas camino al Parque Provincial Mocon\u00e1. \u201c<strong>Invitamos a todos los que quieran acompa\u00f1arnos en esta tarea, que es una invitaci\u00f3n a tomar conciencia sobre la preservaci\u00f3n de nuestros recursos naturales, para nosotros y para las generaciones futuras<\/strong>\u00ab, expres\u00f3 el intendente de El Soberbio, Roque Soboczinski.<\/p>\n\n\n\n<figure class=\"wp-block-image size-large\"><img loading=\"lazy\" decoding=\"async\" width=\"1024\" height=\"682\" src=\"https:\/\/actualizateiguazu.com\/v3\/wp-content\/uploads\/2022\/03\/Presentacion-Fiesta-Biodiversidad-Limpieza-Uruguay-3-1024x682.jpeg\" alt=\"\" class=\"wp-image-26206\" srcset=\"https:\/\/actualizateiguazu.com\/v3\/wp-content\/uploads\/2022\/03\/Presentacion-Fiesta-Biodiversidad-Limpieza-Uruguay-3-1024x682.jpeg 1024w, https:\/\/actualizateiguazu.com\/v3\/wp-content\/uploads\/2022\/03\/Presentacion-Fiesta-Biodiversidad-Limpieza-Uruguay-3-300x200.jpeg 300w, https:\/\/actualizateiguazu.com\/v3\/wp-content\/uploads\/2022\/03\/Presentacion-Fiesta-Biodiversidad-Limpieza-Uruguay-3-768x512.jpeg 768w, https:\/\/actualizateiguazu.com\/v3\/wp-content\/uploads\/2022\/03\/Presentacion-Fiesta-Biodiversidad-Limpieza-Uruguay-3.jpeg 1280w\" sizes=\"auto, (max-width: 1024px) 100vw, 1024px\" \/><\/figure>\n\n\n\n<p>El domingo 27, se realizar\u00e1 la limpieza del R\u00edo Uruguay, en una tarea conjunta con el municipio brasilero de R\u00edo Grande Do Sul.<\/p>\n\n\n\n<p>\u201c<strong>Este es un evento de gran trascendencia para la regi\u00f3n. Tenemos que aprovechar que el r\u00edo nos une, y continuar generando acciones para fomentar oportunidades de mejor calidad de vida e inclusi\u00f3n econ\u00f3mica<\/strong>\u00ab, coment\u00f3 la diputada Suzel Vaider.&nbsp;<\/p>\n\n\n\n<p>La presentaci\u00f3n cont\u00f3 tambi\u00e9n con la presencia de Cuca Antonio Granich, presidente AMAPARU, organizaci\u00f3n ambientalista de Tres Passos, quien se refiri\u00f3 a la importancia de estas iniciativas para los dos pa\u00edses. \u00ab<strong>Este proyecto es muy importante. Trata no solo de limpieza de r\u00edo sino tambi\u00e9n de la integraci\u00f3n de los pueblos y es un gran desaf\u00edo. Este es un legado muy importante para las personas que van a disfrutar del r\u00edo en un futuro<\/strong>\u00ab, expres\u00f3.<\/p>\n","protected":false},"excerpt":{"rendered":"<p>sobre la importancia del cuidado de la biodiversidad. \u00abRealizar esta actividad de manera conjunta con<\/p>\n","protected":false},"author":1,"featured_media":26207,"comment_status":"open","ping_status":"open","sticky":false,"template":"","format":"standard","meta":{"footnotes":""},"categories":[1],"tags":[],"class_list":["post-26214","post","type-post","status-publish","format-standard","has-post-thumbnail","hentry","category-actualidad"],"_links":{"self":[{"href":"https:\/\/actualizateiguazu.com\/v3\/wp-json\/wp\/v2\/posts\/26214","targetHints":{"allow":["GET"]}}],"collection":[{"href":"https:\/\/actualizateiguazu.com\/v3\/wp-json\/wp\/v2\/posts"}],"about":[{"href":"https:\/\/actualizateiguazu.com\/v3\/wp-json\/wp\/v2\/types\/post"}],"author":[{"embeddable":true,"href":"https:\/\/actualizateiguazu.com\/v3\/wp-json\/wp\/v2\/users\/1"}],"replies":[{"embeddable":true,"href":"https:\/\/actualizateiguazu.com\/v3\/wp-json\/wp\/v2\/comments?post=26214"}],"version-history":[{"count":1,"href":"https:\/\/actualizateiguazu.com\/v3\/wp-json\/wp\/v2\/posts\/26214\/revisions"}],"predecessor-version":[{"id":26215,"href":"https:\/\/actualizateiguazu.com\/v3\/wp-json\/wp\/v2\/posts\/26214\/revisions\/26215"}],"wp:featuredmedia":[{"embeddable":true,"href":"https:\/\/actualizateiguazu.com\/v3\/wp-json\/wp\/v2\/media\/26207"}],"wp:attachment":[{"href":"https:\/\/actualizateiguazu.com\/v3\/wp-json\/wp\/v2\/media?parent=26214"}],"wp:term":[{"taxonomy":"category","embeddable":true,"href":"https:\/\/actualizateiguazu.com\/v3\/wp-json\/wp\/v2\/categories?post=26214"},{"taxonomy":"post_tag","embeddable":true,"href":"https:\/\/actualizateiguazu.com\/v3\/wp-json\/wp\/v2\/tags?post=26214"}],"curies":[{"name":"wp","href":"https:\/\/api.w.org\/{rel}","templated":true}]}}