{"id":26223,"date":"2022-03-24T12:51:40","date_gmt":"2022-03-24T12:51:40","guid":{"rendered":"http:\/\/actualizateiguazu.com\/v3\/?p=26223"},"modified":"2022-03-24T12:51:45","modified_gmt":"2022-03-24T12:51:45","slug":"colision-en-autopista-de-acceso-a-iguazu-dejo-solo-danos-materiales","status":"publish","type":"post","link":"https:\/\/actualizateiguazu.com\/v3\/2022\/03\/24\/colision-en-autopista-de-acceso-a-iguazu-dejo-solo-danos-materiales\/","title":{"rendered":"Colisi\u00f3n en autopista de acceso a Iguaz\u00fa dejo sol\u00f3 da\u00f1os materiales"},"content":{"rendered":"\n<p>Anoche pasadas las 23 horas se registr\u00f3 un siniestro vial en autov\u00eda de acceso a la ciudad donde colisionaron un veh\u00edculo dedicado al transporte de pasajeros y un cami\u00f3n peque\u00f1o dedicado al transporte de sustancias alimenticias. <strong>En el autom\u00f3vil se trasladaban 4 turistas que se dirig\u00edan al aeropuerto. Solo se registraron da\u00f1os materiales<\/strong>.<\/p>\n\n\n\n<p>Seg\u00fan informaron desde Bomberos Voluntarios la guardia del cuartel recibi\u00f3 el aviso a las 23 hs que daba cuenta de una colisi\u00f3n y posterior vuelco en el viaducto de acceso a la ciudad. De inmediato se dirigen 2 dotaciones de la guardia quienes al arribar constatan un choque entre un remis y un peque\u00f1o cami\u00f3n de transporte de sustancias alimenticias.<\/p>\n\n\n\n<p><strong>Producto del choque el cami\u00f3n termina volcado sobre su lateral izquierdo y sobre la mano contraria debido al impacto, desde bomberos aclararon que el cambio de carril se produjo en uno de los retornos existentes<\/strong>.<\/p>\n\n\n\n<p>En el veh\u00edculo de mayor se encontraba una persona mayor de edad de aproximadamente 64 a\u00f1os de edad, en el veh\u00edculo de alquiler 5 ocupantes, el conductor y 4 turistas que se dirig\u00edan al aeropuerto. Afortunadamente ninguna persona result\u00f3 lesionada, los veh\u00edculos con da\u00f1os menores.<\/p>\n\n\n\n<p>El conductor del cami\u00f3n quien sufre una enfermedad de base (diabetes) fue trasladado al hospital por la ambulancia del 107 para un examen m\u00e1s.<\/p>\n\n\n\n<p>Trabajo polic\u00eda de la provincia, 107 y bomberos voluntarios.<\/p>\n","protected":false},"excerpt":{"rendered":"<p>Anoche pasadas las 23 horas se registr\u00f3 un siniestro vial en autov\u00eda de acceso a<\/p>\n","protected":false},"author":1,"featured_media":26224,"comment_status":"open","ping_status":"open","sticky":false,"template":"","format":"standard","meta":{"footnotes":""},"categories":[1,226,228],"tags":[],"class_list":["post-26223","post","type-post","status-publish","format-standard","has-post-thumbnail","hentry","category-actualidad","category-locales","category-policiales"],"_links":{"self":[{"href":"https:\/\/actualizateiguazu.com\/v3\/wp-json\/wp\/v2\/posts\/26223","targetHints":{"allow":["GET"]}}],"collection":[{"href":"https:\/\/actualizateiguazu.com\/v3\/wp-json\/wp\/v2\/posts"}],"about":[{"href":"https:\/\/actualizateiguazu.com\/v3\/wp-json\/wp\/v2\/types\/post"}],"author":[{"embeddable":true,"href":"https:\/\/actualizateiguazu.com\/v3\/wp-json\/wp\/v2\/users\/1"}],"replies":[{"embeddable":true,"href":"https:\/\/actualizateiguazu.com\/v3\/wp-json\/wp\/v2\/comments?post=26223"}],"version-history":[{"count":1,"href":"https:\/\/actualizateiguazu.com\/v3\/wp-json\/wp\/v2\/posts\/26223\/revisions"}],"predecessor-version":[{"id":26225,"href":"https:\/\/actualizateiguazu.com\/v3\/wp-json\/wp\/v2\/posts\/26223\/revisions\/26225"}],"wp:featuredmedia":[{"embeddable":true,"href":"https:\/\/actualizateiguazu.com\/v3\/wp-json\/wp\/v2\/media\/26224"}],"wp:attachment":[{"href":"https:\/\/actualizateiguazu.com\/v3\/wp-json\/wp\/v2\/media?parent=26223"}],"wp:term":[{"taxonomy":"category","embeddable":true,"href":"https:\/\/actualizateiguazu.com\/v3\/wp-json\/wp\/v2\/categories?post=26223"},{"taxonomy":"post_tag","embeddable":true,"href":"https:\/\/actualizateiguazu.com\/v3\/wp-json\/wp\/v2\/tags?post=26223"}],"curies":[{"name":"wp","href":"https:\/\/api.w.org\/{rel}","templated":true}]}}