{"id":26243,"date":"2022-03-25T01:39:57","date_gmt":"2022-03-25T01:39:57","guid":{"rendered":"http:\/\/actualizateiguazu.com\/v3\/?p=26243"},"modified":"2022-03-25T01:40:02","modified_gmt":"2022-03-25T01:40:02","slug":"ante-la-falta-de-respuestas-proteccionistas-vuelven-a-la-calle-quirofano-movil-ya","status":"publish","type":"post","link":"https:\/\/actualizateiguazu.com\/v3\/2022\/03\/25\/ante-la-falta-de-respuestas-proteccionistas-vuelven-a-la-calle-quirofano-movil-ya\/","title":{"rendered":"Ante la falta de respuestas proteccionistas vuelven a la calle \u00a1Quir\u00f3fano m\u00f3vil ya!"},"content":{"rendered":"\n<p>Ante la insostenible situaci\u00f3n de animales abandonados y la superpoblaci\u00f3n que se puede contemplar a simple vista al transitar las calles de la ciudad, <strong>integrantes de la Asociaci\u00f3n Civil Patas a la Obra convocan a una nueva marcha y manifestaci\u00f3n para exigir el servicio gratuito de castraciones que beneficiar\u00e1 a toda la comunidad. <\/strong>Cabe destacar que existe una ordenanza de tenencia responsable aprobada en el a\u00f1o 2.017 que el municipio debe cumplir.<\/p>\n\n\n\n<figure class=\"wp-block-image size-large\"><img loading=\"lazy\" decoding=\"async\" width=\"1024\" height=\"768\" src=\"https:\/\/actualizateiguazu.com\/v3\/wp-content\/uploads\/2022\/03\/IMG_20220318_111954358_HDR-1024x768.jpg\" alt=\"\" class=\"wp-image-26245\" srcset=\"https:\/\/actualizateiguazu.com\/v3\/wp-content\/uploads\/2022\/03\/IMG_20220318_111954358_HDR-1024x768.jpg 1024w, https:\/\/actualizateiguazu.com\/v3\/wp-content\/uploads\/2022\/03\/IMG_20220318_111954358_HDR-300x225.jpg 300w, https:\/\/actualizateiguazu.com\/v3\/wp-content\/uploads\/2022\/03\/IMG_20220318_111954358_HDR-768x576.jpg 768w, https:\/\/actualizateiguazu.com\/v3\/wp-content\/uploads\/2022\/03\/IMG_20220318_111954358_HDR-1536x1152.jpg 1536w, https:\/\/actualizateiguazu.com\/v3\/wp-content\/uploads\/2022\/03\/IMG_20220318_111954358_HDR-2048x1536.jpg 2048w, https:\/\/actualizateiguazu.com\/v3\/wp-content\/uploads\/2022\/03\/IMG_20220318_111954358_HDR-720x540.jpg 720w\" sizes=\"auto, (max-width: 1024px) 100vw, 1024px\" \/><\/figure>\n\n\n\n<p>Desde Patas a la Obra emitieron un comunicado que dice:<\/p>\n\n\n\n<p>\u201cAtento a la falta de respuesta por parte del Ejecutivo Municipal al pedido de audiencia realizado por nota presentada el d\u00eda 7 del corriente, a efectos de solicitar la reactivaci\u00f3n del Departamento de Zoonosis y del Quir\u00f3fano M\u00f3vil en particular, adem\u00e1s del cumplimiento de la Ordenanza 19\/17 sobre Tenencia Responsable, <strong>la Asociaci\u00f3n Civil sin fines de lucro Patas a la Obra convoca a una nueva manifestaci\u00f3n p\u00fablica a realizarse ma\u00f1ana viernes 25 a las 11hs frente a la Municipalidad.\u00a0 Se suspende en caso de lluvia.\u00a0 Muchas gracias<\/strong>\u201d<\/p>\n\n\n\n<figure class=\"wp-block-image size-large\"><img loading=\"lazy\" decoding=\"async\" width=\"1024\" height=\"768\" src=\"https:\/\/actualizateiguazu.com\/v3\/wp-content\/uploads\/2022\/03\/IMG_20220318_111010397_HDR-1-1024x768.jpg\" alt=\"\" class=\"wp-image-26247\" srcset=\"https:\/\/actualizateiguazu.com\/v3\/wp-content\/uploads\/2022\/03\/IMG_20220318_111010397_HDR-1-1024x768.jpg 1024w, https:\/\/actualizateiguazu.com\/v3\/wp-content\/uploads\/2022\/03\/IMG_20220318_111010397_HDR-1-300x225.jpg 300w, https:\/\/actualizateiguazu.com\/v3\/wp-content\/uploads\/2022\/03\/IMG_20220318_111010397_HDR-1-768x576.jpg 768w, https:\/\/actualizateiguazu.com\/v3\/wp-content\/uploads\/2022\/03\/IMG_20220318_111010397_HDR-1-1536x1152.jpg 1536w, https:\/\/actualizateiguazu.com\/v3\/wp-content\/uploads\/2022\/03\/IMG_20220318_111010397_HDR-1-2048x1536.jpg 2048w, https:\/\/actualizateiguazu.com\/v3\/wp-content\/uploads\/2022\/03\/IMG_20220318_111010397_HDR-1-720x540.jpg 720w\" sizes=\"auto, (max-width: 1024px) 100vw, 1024px\" \/><\/figure>\n\n\n\n<p>Esta ser\u00e1 la segunda manifestaci\u00f3n pac\u00edfica a fin de visibilizar la situaci\u00f3n, cabe destacar que el a\u00f1o pasado solicitaron una audiencia y no fueron atendidos, el pasado 7 de marzo volvieron a solicitar una audiencia sin respuestas favorables. Adem\u00e1s la concejal con mandato cumplido Ver\u00f3nica Lunardi present\u00f3 dos proyectos para la reactivaci\u00f3n de zoonosis pero ambos proyectos de comunicaci\u00f3n fueron encajonados por el presidente del Concejo Deliberante.<\/p>\n","protected":false},"excerpt":{"rendered":"<p>Ante la insostenible situaci\u00f3n de animales abandonados y la superpoblaci\u00f3n que se puede contemplar a<\/p>\n","protected":false},"author":1,"featured_media":26248,"comment_status":"open","ping_status":"open","sticky":false,"template":"","format":"standard","meta":{"footnotes":""},"categories":[1,226],"tags":[],"class_list":["post-26243","post","type-post","status-publish","format-standard","has-post-thumbnail","hentry","category-actualidad","category-locales"],"_links":{"self":[{"href":"https:\/\/actualizateiguazu.com\/v3\/wp-json\/wp\/v2\/posts\/26243","targetHints":{"allow":["GET"]}}],"collection":[{"href":"https:\/\/actualizateiguazu.com\/v3\/wp-json\/wp\/v2\/posts"}],"about":[{"href":"https:\/\/actualizateiguazu.com\/v3\/wp-json\/wp\/v2\/types\/post"}],"author":[{"embeddable":true,"href":"https:\/\/actualizateiguazu.com\/v3\/wp-json\/wp\/v2\/users\/1"}],"replies":[{"embeddable":true,"href":"https:\/\/actualizateiguazu.com\/v3\/wp-json\/wp\/v2\/comments?post=26243"}],"version-history":[{"count":1,"href":"https:\/\/actualizateiguazu.com\/v3\/wp-json\/wp\/v2\/posts\/26243\/revisions"}],"predecessor-version":[{"id":26249,"href":"https:\/\/actualizateiguazu.com\/v3\/wp-json\/wp\/v2\/posts\/26243\/revisions\/26249"}],"wp:featuredmedia":[{"embeddable":true,"href":"https:\/\/actualizateiguazu.com\/v3\/wp-json\/wp\/v2\/media\/26248"}],"wp:attachment":[{"href":"https:\/\/actualizateiguazu.com\/v3\/wp-json\/wp\/v2\/media?parent=26243"}],"wp:term":[{"taxonomy":"category","embeddable":true,"href":"https:\/\/actualizateiguazu.com\/v3\/wp-json\/wp\/v2\/categories?post=26243"},{"taxonomy":"post_tag","embeddable":true,"href":"https:\/\/actualizateiguazu.com\/v3\/wp-json\/wp\/v2\/tags?post=26243"}],"curies":[{"name":"wp","href":"https:\/\/api.w.org\/{rel}","templated":true}]}}