{"id":26250,"date":"2022-03-25T01:53:59","date_gmt":"2022-03-25T01:53:59","guid":{"rendered":"http:\/\/actualizateiguazu.com\/v3\/?p=26250"},"modified":"2022-03-25T01:54:04","modified_gmt":"2022-03-25T01:54:04","slug":"rally-sudamericano-la-dupla-zarza-espinola-largo-en-encarnacion","status":"publish","type":"post","link":"https:\/\/actualizateiguazu.com\/v3\/2022\/03\/25\/rally-sudamericano-la-dupla-zarza-espinola-largo-en-encarnacion\/","title":{"rendered":"Rally Sudamericano: La dupla Zarza-Espinola larg\u00f3 en Encarnaci\u00f3n"},"content":{"rendered":"\n<p>Los misioneros cumplieron con la rampa de largada de la primera fecha del Sudamericano de Rally en Encarnaci\u00f3n. Ma\u00f1ana empiezan a acelerar con el S\u00faper nocturno<\/p>\n\n\n\n<p><strong>El binomio de Puerto Iguaz\u00fa integrado por Sergio Zarza-Hugo Esp\u00ednola (Ford Fiesta) cumpli\u00f3 hoy con la rampa de largada, del Rally Trans-Itap\u00faa, prueba v\u00e1lida por la primera fecha del FIA Codasur Rally Sudamericano, que se disputa en Encarnaci\u00f3n, Paraguay<\/strong>.<\/p>\n\n\n\n<p>El Chara\u00ed Rally con Mar\u00edo Dom\u00edguez a la cabeza, se instal\u00f3 en el Parque Quiteria, donde funciona el Parque de Asistencia. Por la tarde cumpli\u00f3 con la exigente t\u00e9cnica previa y no pudo reconocer los caminos porque se posterg\u00f3 todo para ma\u00f1ana debido a la lluvia ca\u00edda hoy.<\/p>\n\n\n\n<p>Por la noche cumplieron con la rampa en la Costanera de Encarnaci\u00f3n. \u201c<strong>nos gusta mucho Paraguay ac\u00e1 logramos el primer podio sudamericano. Ahora volvemos se extra\u00f1aba todo. Lo \u00fanico que vemos malo es que nos pusieron junto con la RC4 y nosotros partimos en desventaja contra ellos vamos a hacer el reclamo ante las autoridades para que nos pongan en nuestra categor\u00eda que es la RC5<\/strong>\u201d, afirm\u00f3 Zarza al subir a la rampa.<\/p>\n\n\n\n<figure class=\"wp-block-image size-full\"><img loading=\"lazy\" decoding=\"async\" width=\"720\" height=\"720\" src=\"https:\/\/actualizateiguazu.com\/v3\/wp-content\/uploads\/2022\/03\/WhatsApp-Image-2022-03-24-at-9.32.32-PM.jpeg\" alt=\"\" class=\"wp-image-26251\" srcset=\"https:\/\/actualizateiguazu.com\/v3\/wp-content\/uploads\/2022\/03\/WhatsApp-Image-2022-03-24-at-9.32.32-PM.jpeg 720w, https:\/\/actualizateiguazu.com\/v3\/wp-content\/uploads\/2022\/03\/WhatsApp-Image-2022-03-24-at-9.32.32-PM-300x300.jpeg 300w, https:\/\/actualizateiguazu.com\/v3\/wp-content\/uploads\/2022\/03\/WhatsApp-Image-2022-03-24-at-9.32.32-PM-150x150.jpeg 150w\" sizes=\"auto, (max-width: 720px) 100vw, 720px\" \/><\/figure>\n\n\n\n<p>La acci\u00f3n arrancar\u00e1 ma\u00f1ana con el shakedown en el Barrio San Antonio, con una extensi\u00f3n de 5,30 kil\u00f3metros bajo el crono. Posteriormente la carrera se pondr\u00e1 en marcha con la S\u00faper Especial Nocturna en la Costanera de Encarnaci\u00f3n, a una pasada por m\u00e1quina.<\/p>\n\n\n\n<p>El s\u00e1bado ser\u00e1 seis especiales m\u00e1s una S\u00faper Especial de cierre, arrancando todo con el tramo Trinidad a Calle D con 22,56 de recorrido, para luego pasar a dos tramos interesantes con Colonia Paran\u00e1 Calle A a Desv\u00edo a Cambyreta de 19,44 km y Colonia Miranda a Calle A de de 10,31 km. Los dos tramos que pasan por la popular Calle A se volver\u00e1n a repetir en el rulo de la tarde, mientras que la jornada del s\u00e1bado terminar\u00e1 en el Aut\u00f3dromo Capit\u00e1n Miranda con una S\u00faper Especial de 4,37 km.<\/p>\n\n\n\n<p>Para el domingo la actividad se trasladar\u00e1 hacia la zona de Carmen de Paran\u00e1, con dos tramos cronometrados que se volver\u00e1n a repetir por la tarde. Escuela Calle 2 a Ruta Carmen &#8211; Fran de 9,46 km y Playa Carmen del Paran\u00e1 a Cruce Karaguata de 21, 67 km (en su segunda pasada va como Power Stage) pondr\u00e1n punto y final a esta tradicional competencia en el sur del pa\u00eds.<\/p>\n\n\n\n<p>HORARIOS<\/p>\n\n\n\n<p>Viernes 25 de marzo<\/p>\n\n\n\n<p>13: Shakedwon Puesto de Salud-Barrio San Antonio (4.30 km)<\/p>\n\n\n\n<p>20: SSS1 Escalinata-S\u00faper Especial Costanera Bolik (2.40 km)<\/p>\n\n\n\n<p>S\u00e1bado 26 de marzo<\/p>\n\n\n\n<p>7.43: SS2 Trinidad Conavi-Calle D (22.56 km)<\/p>\n\n\n\n<p>8.36: SS3 Colonia Paran\u00e1 Calle A-Desvio Cambyreta (19.44)<\/p>\n\n\n\n<p>9.19: SS4 Capit\u00e1n Miranda Rossi-Calle A (10.31 km)<\/p>\n\n\n\n<p>11.37: SS5 Trinidad Conavi-Calle D (22.56 km)<\/p>\n\n\n\n<p>12.30: SS6 Colonia Paran\u00e1 Calle A-Desvio Cambyreta (19.44)<\/p>\n\n\n\n<p>13.18: SS4 Capit\u00e1n Miranda Rossi-Calle A (10.31 km)<\/p>\n\n\n\n<p>13.48: SS8 Aut\u00f3dromo Capit\u00e1n Miranda (4.37 km)<\/p>\n\n\n\n<p>Total D\u00eda 1: Tramos de Prueba 111.39 km. Tramos Enlace 175,64 km. Total Etapa 1 284.63 km<\/p>\n\n\n\n<p>Domingo 27 de marzo<\/p>\n\n\n\n<p>7.58 SS9 Escuela Calle 2-Ruta Carmen-Fram (9.46 km)<\/p>\n\n\n\n<p>8.51: SS10 Playa Carmen del Paran\u00e1-Cruce Karaguata (21.67 km)<\/p>\n\n\n\n<p>11.24: SS11 Escuela Calle 2-Ruta Carmen-Fram (9.46 km)<\/p>\n\n\n\n<p>12.17: SS12 Playa Carmen del Paran\u00e1-Cruce Karaguata (21.67 km)<\/p>\n\n\n\n<p>Total D\u00eda 2: Tramos de Prueba: 62.26 km. Tramos Enlaces: 151,02km. Total Etapa 2 213.28 km<\/p>\n\n\n\n<p>Totales: Tramo de Pruebas 173,65 km. Tramos enlace 326.66 km. Total de la Prueba: 500,31 km.<\/p>\n","protected":false},"excerpt":{"rendered":"<p>Los misioneros cumplieron con la rampa de largada de la primera fecha del Sudamericano de<\/p>\n","protected":false},"author":1,"featured_media":26252,"comment_status":"open","ping_status":"open","sticky":false,"template":"","format":"standard","meta":{"footnotes":""},"categories":[223],"tags":[],"class_list":["post-26250","post","type-post","status-publish","format-standard","has-post-thumbnail","hentry","category-deportes"],"_links":{"self":[{"href":"https:\/\/actualizateiguazu.com\/v3\/wp-json\/wp\/v2\/posts\/26250","targetHints":{"allow":["GET"]}}],"collection":[{"href":"https:\/\/actualizateiguazu.com\/v3\/wp-json\/wp\/v2\/posts"}],"about":[{"href":"https:\/\/actualizateiguazu.com\/v3\/wp-json\/wp\/v2\/types\/post"}],"author":[{"embeddable":true,"href":"https:\/\/actualizateiguazu.com\/v3\/wp-json\/wp\/v2\/users\/1"}],"replies":[{"embeddable":true,"href":"https:\/\/actualizateiguazu.com\/v3\/wp-json\/wp\/v2\/comments?post=26250"}],"version-history":[{"count":1,"href":"https:\/\/actualizateiguazu.com\/v3\/wp-json\/wp\/v2\/posts\/26250\/revisions"}],"predecessor-version":[{"id":26253,"href":"https:\/\/actualizateiguazu.com\/v3\/wp-json\/wp\/v2\/posts\/26250\/revisions\/26253"}],"wp:featuredmedia":[{"embeddable":true,"href":"https:\/\/actualizateiguazu.com\/v3\/wp-json\/wp\/v2\/media\/26252"}],"wp:attachment":[{"href":"https:\/\/actualizateiguazu.com\/v3\/wp-json\/wp\/v2\/media?parent=26250"}],"wp:term":[{"taxonomy":"category","embeddable":true,"href":"https:\/\/actualizateiguazu.com\/v3\/wp-json\/wp\/v2\/categories?post=26250"},{"taxonomy":"post_tag","embeddable":true,"href":"https:\/\/actualizateiguazu.com\/v3\/wp-json\/wp\/v2\/tags?post=26250"}],"curies":[{"name":"wp","href":"https:\/\/api.w.org\/{rel}","templated":true}]}}