{"id":26286,"date":"2022-03-27T15:41:38","date_gmt":"2022-03-27T15:41:38","guid":{"rendered":"http:\/\/actualizateiguazu.com\/v3\/?p=26286"},"modified":"2022-03-27T15:41:42","modified_gmt":"2022-03-27T15:41:42","slug":"arrestaron-al-presunto-autor-del-robo-a-una-iglesia","status":"publish","type":"post","link":"https:\/\/actualizateiguazu.com\/v3\/2022\/03\/27\/arrestaron-al-presunto-autor-del-robo-a-una-iglesia\/","title":{"rendered":"Arrestaron al presunto autor del robo a una iglesia"},"content":{"rendered":"\n<p>El se\u00f1alado de 37 a\u00f1os fue detenido en el barrio Riveras, y habr\u00eda ingresado el pasado viernes 25 a un templo religioso del barrio Villa Nueva, de donde rob\u00f3 instrumentos y equipos de sonido, los cuales fueron recuperados por la polic\u00eda.<\/p>\n\n\n\n<p>El hecho se conoci\u00f3 mediante la denuncia de un directivo del establecimiento radicada en la seccional 2da local, en donde el hombre de 39 a\u00f1os detall\u00f3 que el sospechoso habr\u00eda ingresado por un ventiluz lateral.<\/p>\n\n\n\n<p>Consecuentemente, la Divisi\u00f3n Investigaciones UR-V se avoc\u00f3 a una serie de averiguaciones, entre ellas entrevistas y rastrillajes por la zona, que llev\u00f3 a que los agentes lograran encontrar los bienes en un sector de pastizales.<\/p>\n\n\n\n<p>Seguidamente, al visualizar los videos de las c\u00e1maras de seguridad de la zona, individualizaron al sindicado, quien fue detenido en el d\u00eda de ayer.<\/p>\n\n\n\n<p>Por esto, los secuestros y el detenido fueron trasladados a sede policial a disposici\u00f3n de la Justicia. Luego del reconocimiento, los elementos fueron devueltos a la instituci\u00f3n.<\/p>\n","protected":false},"excerpt":{"rendered":"<p>El se\u00f1alado de 37 a\u00f1os fue detenido en el barrio Riveras, y habr\u00eda ingresado el<\/p>\n","protected":false},"author":1,"featured_media":26287,"comment_status":"open","ping_status":"open","sticky":false,"template":"","format":"standard","meta":{"footnotes":""},"categories":[228],"tags":[],"class_list":["post-26286","post","type-post","status-publish","format-standard","has-post-thumbnail","hentry","category-policiales"],"_links":{"self":[{"href":"https:\/\/actualizateiguazu.com\/v3\/wp-json\/wp\/v2\/posts\/26286","targetHints":{"allow":["GET"]}}],"collection":[{"href":"https:\/\/actualizateiguazu.com\/v3\/wp-json\/wp\/v2\/posts"}],"about":[{"href":"https:\/\/actualizateiguazu.com\/v3\/wp-json\/wp\/v2\/types\/post"}],"author":[{"embeddable":true,"href":"https:\/\/actualizateiguazu.com\/v3\/wp-json\/wp\/v2\/users\/1"}],"replies":[{"embeddable":true,"href":"https:\/\/actualizateiguazu.com\/v3\/wp-json\/wp\/v2\/comments?post=26286"}],"version-history":[{"count":1,"href":"https:\/\/actualizateiguazu.com\/v3\/wp-json\/wp\/v2\/posts\/26286\/revisions"}],"predecessor-version":[{"id":26288,"href":"https:\/\/actualizateiguazu.com\/v3\/wp-json\/wp\/v2\/posts\/26286\/revisions\/26288"}],"wp:featuredmedia":[{"embeddable":true,"href":"https:\/\/actualizateiguazu.com\/v3\/wp-json\/wp\/v2\/media\/26287"}],"wp:attachment":[{"href":"https:\/\/actualizateiguazu.com\/v3\/wp-json\/wp\/v2\/media?parent=26286"}],"wp:term":[{"taxonomy":"category","embeddable":true,"href":"https:\/\/actualizateiguazu.com\/v3\/wp-json\/wp\/v2\/categories?post=26286"},{"taxonomy":"post_tag","embeddable":true,"href":"https:\/\/actualizateiguazu.com\/v3\/wp-json\/wp\/v2\/tags?post=26286"}],"curies":[{"name":"wp","href":"https:\/\/api.w.org\/{rel}","templated":true}]}}