{"id":26341,"date":"2022-03-30T01:32:09","date_gmt":"2022-03-30T01:32:09","guid":{"rendered":"http:\/\/actualizateiguazu.com\/v3\/?p=26341"},"modified":"2022-03-30T01:35:11","modified_gmt":"2022-03-30T01:35:11","slug":"tienen-18-anos-los-detenidos-por-el-homicidio-de-un-catriel-urizar","status":"publish","type":"post","link":"https:\/\/actualizateiguazu.com\/v3\/2022\/03\/30\/tienen-18-anos-los-detenidos-por-el-homicidio-de-un-catriel-urizar\/","title":{"rendered":"Tienen 18 a\u00f1os los detenidos por el homicidio de un Catriel Urizar"},"content":{"rendered":"\n<p>Los integrantes de la comisar\u00eda 4\u00b0 de esa localidad, <strong>detuvieron esta tarde a dos j\u00f3venes de 18 a\u00f1os, quienes est\u00e1n se\u00f1alados por ser part\u00edcipes del homicidio de un emprendedor gastron\u00f3mico que falleci\u00f3 luego de recibir un disparo t\u00f3rax<\/strong>. Identificado como Catriel Urizar de 30 a\u00f1os de edad.<\/p>\n\n\n\n<p>Los agentes de la Unidad Regional V, luego de constatar lo sucedido en la noche de ayer, llevaron a cabo a una serie de investigaciones. A trav\u00e9s de testimonios y con material f\u00edlmico que captaron en el lugar del hecho cuando los sindicados hu\u00edan de la zona, identificaron y detuvieron a uno de ellos mientras se desplazaba en una motocicleta.<\/p>\n\n\n\n<p>Esta tarde, <strong>las tareas continuaron en el domicilio del detenido ubicado en el barrio Cataratas, donde tras un allanamiento con la presencia del Magistrado, quien lleva adelante la causa, incautaron un revolver calibre 38 con una vaina servida y un cartucho \u00edntegro. Adem\u00e1s, en zona lindante a la casa secuestraron dos camperas y dos gorras, las cuales vest\u00edan los sospechosos al momento del hecho<\/strong>.<\/p>\n\n\n\n<p>Minutos m\u00e1s tarde, las investigaciones se trasladaron al barrio Primero de Mayo, en donde detuvieron al segundo sindicado, quien fue trasladado a la sede policial donde qued\u00f3 a disposici\u00f3n de la Justicia, como as\u00ed tambi\u00e9n el primer detenido junto a los elementos secuestrados.<\/p>\n\n\n\n<p>Por estas horas, se investiga la participaci\u00f3n de los apresados en otros hechos delictivos contra la propiedad. Interviene el Juzgado de Instrucci\u00f3n N\u00ba 3 de Puerto Iguaz\u00fa.<\/p>\n","protected":false},"excerpt":{"rendered":"<p>Los integrantes de la comisar\u00eda 4\u00b0 de esa localidad, detuvieron esta tarde a dos j\u00f3venes<\/p>\n","protected":false},"author":1,"featured_media":26342,"comment_status":"open","ping_status":"open","sticky":false,"template":"","format":"standard","meta":{"footnotes":""},"categories":[1,226],"tags":[],"class_list":["post-26341","post","type-post","status-publish","format-standard","has-post-thumbnail","hentry","category-actualidad","category-locales"],"_links":{"self":[{"href":"https:\/\/actualizateiguazu.com\/v3\/wp-json\/wp\/v2\/posts\/26341","targetHints":{"allow":["GET"]}}],"collection":[{"href":"https:\/\/actualizateiguazu.com\/v3\/wp-json\/wp\/v2\/posts"}],"about":[{"href":"https:\/\/actualizateiguazu.com\/v3\/wp-json\/wp\/v2\/types\/post"}],"author":[{"embeddable":true,"href":"https:\/\/actualizateiguazu.com\/v3\/wp-json\/wp\/v2\/users\/1"}],"replies":[{"embeddable":true,"href":"https:\/\/actualizateiguazu.com\/v3\/wp-json\/wp\/v2\/comments?post=26341"}],"version-history":[{"count":1,"href":"https:\/\/actualizateiguazu.com\/v3\/wp-json\/wp\/v2\/posts\/26341\/revisions"}],"predecessor-version":[{"id":26344,"href":"https:\/\/actualizateiguazu.com\/v3\/wp-json\/wp\/v2\/posts\/26341\/revisions\/26344"}],"wp:featuredmedia":[{"embeddable":true,"href":"https:\/\/actualizateiguazu.com\/v3\/wp-json\/wp\/v2\/media\/26342"}],"wp:attachment":[{"href":"https:\/\/actualizateiguazu.com\/v3\/wp-json\/wp\/v2\/media?parent=26341"}],"wp:term":[{"taxonomy":"category","embeddable":true,"href":"https:\/\/actualizateiguazu.com\/v3\/wp-json\/wp\/v2\/categories?post=26341"},{"taxonomy":"post_tag","embeddable":true,"href":"https:\/\/actualizateiguazu.com\/v3\/wp-json\/wp\/v2\/tags?post=26341"}],"curies":[{"name":"wp","href":"https:\/\/api.w.org\/{rel}","templated":true}]}}