{"id":26346,"date":"2022-03-30T16:43:52","date_gmt":"2022-03-30T16:43:52","guid":{"rendered":"http:\/\/actualizateiguazu.com\/v3\/?p=26346"},"modified":"2022-03-30T16:43:58","modified_gmt":"2022-03-30T16:43:58","slug":"varios-barrios-sin-agua-potable-por-un-problema-en-la-toma-de-agua","status":"publish","type":"post","link":"https:\/\/actualizateiguazu.com\/v3\/2022\/03\/30\/varios-barrios-sin-agua-potable-por-un-problema-en-la-toma-de-agua\/","title":{"rendered":"Varios barrios sin agua potable por un problema en la toma de agua"},"content":{"rendered":"\n<p>Desde esta ma\u00f1ana, vecinos de varios barrios de la ciudad de las Cataratas denunciaron falta de agua potable e incluso viraliziaron una fotograf\u00eda donde se pod\u00eda contemplar a un cami\u00f3n de los bomberos voluntarios abasteciendo de agua al hospital SAMIC de Iguaz\u00fa. <strong>Seg\u00fan indicaron desde IMAS registraron un problema es la toma de agua que ya fue subsanado y el servicio se normalizar\u00e1 durante la jornada<\/strong>.<\/p>\n\n\n\n<p>Seg\u00fan pudo saber este medio, tras las intensas lluvias el rio Iguaz\u00fa recuper\u00f3 parte de su caudal aunque no logro llegar a la altura normal del mismo. Sin embargo el aumento del caudal es muy inestable y provoco que los operarios practicaran maniobras para ubicar la balsa de manera tal que contin\u00fae captando agua del cauce. <strong>En un momento dado se registr\u00f3 una bajante abrupta que provoco un problema el\u00e9ctrico que saco de funcionamiento la toma de agua por varias horas. Desde IMAS aseguraron que el problema est\u00e1 subsanado y trabajan para normalizar el servicio<\/strong>.<\/p>\n\n\n\n<p>El problema se registr\u00f3 en la jornada del 28 de marzo por la noche, y desde el 29 la toma de agua est\u00e1 trabajando normalmente y la planta potabilizadora comenz\u00f3 con el proceso y distribuci\u00f3n. Muchos sectores presentan problemas de presi\u00f3n en las redes que deber\u00edan regularizarse con el pasar de las horas. <strong>Estiman que si no se registran cortes en el suministro de energ\u00eda el servicio estar\u00eda normalizado en horas de la noche.<\/strong><\/p>\n","protected":false},"excerpt":{"rendered":"<p>Desde esta ma\u00f1ana, vecinos de varios barrios de la ciudad de las Cataratas denunciaron falta<\/p>\n","protected":false},"author":1,"featured_media":26347,"comment_status":"open","ping_status":"open","sticky":false,"template":"","format":"standard","meta":{"footnotes":""},"categories":[1,226],"tags":[],"class_list":["post-26346","post","type-post","status-publish","format-standard","has-post-thumbnail","hentry","category-actualidad","category-locales"],"_links":{"self":[{"href":"https:\/\/actualizateiguazu.com\/v3\/wp-json\/wp\/v2\/posts\/26346","targetHints":{"allow":["GET"]}}],"collection":[{"href":"https:\/\/actualizateiguazu.com\/v3\/wp-json\/wp\/v2\/posts"}],"about":[{"href":"https:\/\/actualizateiguazu.com\/v3\/wp-json\/wp\/v2\/types\/post"}],"author":[{"embeddable":true,"href":"https:\/\/actualizateiguazu.com\/v3\/wp-json\/wp\/v2\/users\/1"}],"replies":[{"embeddable":true,"href":"https:\/\/actualizateiguazu.com\/v3\/wp-json\/wp\/v2\/comments?post=26346"}],"version-history":[{"count":1,"href":"https:\/\/actualizateiguazu.com\/v3\/wp-json\/wp\/v2\/posts\/26346\/revisions"}],"predecessor-version":[{"id":26349,"href":"https:\/\/actualizateiguazu.com\/v3\/wp-json\/wp\/v2\/posts\/26346\/revisions\/26349"}],"wp:featuredmedia":[{"embeddable":true,"href":"https:\/\/actualizateiguazu.com\/v3\/wp-json\/wp\/v2\/media\/26347"}],"wp:attachment":[{"href":"https:\/\/actualizateiguazu.com\/v3\/wp-json\/wp\/v2\/media?parent=26346"}],"wp:term":[{"taxonomy":"category","embeddable":true,"href":"https:\/\/actualizateiguazu.com\/v3\/wp-json\/wp\/v2\/categories?post=26346"},{"taxonomy":"post_tag","embeddable":true,"href":"https:\/\/actualizateiguazu.com\/v3\/wp-json\/wp\/v2\/tags?post=26346"}],"curies":[{"name":"wp","href":"https:\/\/api.w.org\/{rel}","templated":true}]}}