{"id":26358,"date":"2022-03-31T00:02:00","date_gmt":"2022-03-31T00:02:00","guid":{"rendered":"http:\/\/actualizateiguazu.com\/v3\/?p=26358"},"modified":"2022-03-31T00:02:04","modified_gmt":"2022-03-31T00:02:04","slug":"hallaron-en-bolivia-un-automovil-robado-de-puerto-iguazu","status":"publish","type":"post","link":"https:\/\/actualizateiguazu.com\/v3\/2022\/03\/31\/hallaron-en-bolivia-un-automovil-robado-de-puerto-iguazu\/","title":{"rendered":"Hallaron en Bolivia un autom\u00f3vil robado de Puerto Iguaz\u00fa"},"content":{"rendered":"\n<p>Un Toyota Corolla, perteneciente a una empresa de alquiler de autos (renta car), fue recuperado en los \u00faltimos d\u00edas de la ciudad de Tarija-Bolivia, tras un trabajo en conjunto de los efectivos de las Divisiones Verificaci\u00f3n del Automotor de la Unidad Regional V y la del vecino pa\u00eds.<\/p>\n\n\n\n<p>El propietario de la compa\u00f1\u00eda vehicular, denunci\u00f3 en noviembre del a\u00f1o 2019 en la seccional 3.\u00aa de Puerto Iguaz\u00fa, que le hab\u00eda alquilado por unos d\u00edas el rodado a un hombre oriundo de Buenos Aires y que hasta la fecha no lo hab\u00eda devuelto.<\/p>\n\n\n\n<p>Como producto de los intensos labores y a trav\u00e9s de la \u201cComunidad Latinoamericana de Peritos Automotriz\u201d que nuclea a los pa\u00edses sudamericanos, al cual pertenece esa seccional, lograron establecer con la Divisi\u00f3n T\u00e9cnica de Identificaci\u00f3n Vehicular de la Rep\u00fablica del Bolivia, que el autom\u00f3vil buscado se hallaba secuestrado en los dep\u00f3sitos aduaneros de la ciudad de Tarija, por la presunci\u00f3n de \u201cil\u00edcito de contrabando\u201d.<\/p>\n\n\n\n<p>Es por esto que, la polic\u00eda de enlace llev\u00f3 a cabo las tramitaciones para traer nuevamente el rodado hasta suelo argentino. Fue as\u00ed que en las \u00faltimas horas, mediante el \u201cConvenio de Restituci\u00f3n de Automotores entre el Gobierno Nacional y Bolivia\u201d, el autom\u00f3vil le fue devuelto al apoderado.<\/p>\n\n\n\n<p>El Juzgado de Instrucci\u00f3n n.\u00ba 3 de Puerto Iguaz\u00fa, llev\u00f3 adelante las diligencias correspondientes del caso.<\/p>\n","protected":false},"excerpt":{"rendered":"<p>Un Toyota Corolla, perteneciente a una empresa de alquiler de autos (renta car), fue recuperado<\/p>\n","protected":false},"author":1,"featured_media":26359,"comment_status":"open","ping_status":"open","sticky":false,"template":"","format":"standard","meta":{"footnotes":""},"categories":[1,226],"tags":[],"class_list":["post-26358","post","type-post","status-publish","format-standard","has-post-thumbnail","hentry","category-actualidad","category-locales"],"_links":{"self":[{"href":"https:\/\/actualizateiguazu.com\/v3\/wp-json\/wp\/v2\/posts\/26358","targetHints":{"allow":["GET"]}}],"collection":[{"href":"https:\/\/actualizateiguazu.com\/v3\/wp-json\/wp\/v2\/posts"}],"about":[{"href":"https:\/\/actualizateiguazu.com\/v3\/wp-json\/wp\/v2\/types\/post"}],"author":[{"embeddable":true,"href":"https:\/\/actualizateiguazu.com\/v3\/wp-json\/wp\/v2\/users\/1"}],"replies":[{"embeddable":true,"href":"https:\/\/actualizateiguazu.com\/v3\/wp-json\/wp\/v2\/comments?post=26358"}],"version-history":[{"count":1,"href":"https:\/\/actualizateiguazu.com\/v3\/wp-json\/wp\/v2\/posts\/26358\/revisions"}],"predecessor-version":[{"id":26360,"href":"https:\/\/actualizateiguazu.com\/v3\/wp-json\/wp\/v2\/posts\/26358\/revisions\/26360"}],"wp:featuredmedia":[{"embeddable":true,"href":"https:\/\/actualizateiguazu.com\/v3\/wp-json\/wp\/v2\/media\/26359"}],"wp:attachment":[{"href":"https:\/\/actualizateiguazu.com\/v3\/wp-json\/wp\/v2\/media?parent=26358"}],"wp:term":[{"taxonomy":"category","embeddable":true,"href":"https:\/\/actualizateiguazu.com\/v3\/wp-json\/wp\/v2\/categories?post=26358"},{"taxonomy":"post_tag","embeddable":true,"href":"https:\/\/actualizateiguazu.com\/v3\/wp-json\/wp\/v2\/tags?post=26358"}],"curies":[{"name":"wp","href":"https:\/\/api.w.org\/{rel}","templated":true}]}}