{"id":26361,"date":"2022-03-31T01:05:50","date_gmt":"2022-03-31T01:05:50","guid":{"rendered":"http:\/\/actualizateiguazu.com\/v3\/?p=26361"},"modified":"2022-03-31T01:05:55","modified_gmt":"2022-03-31T01:05:55","slug":"recuperaron-una-bicicleta-robada-que-habia-sido-comercializada","status":"publish","type":"post","link":"https:\/\/actualizateiguazu.com\/v3\/2022\/03\/31\/recuperaron-una-bicicleta-robada-que-habia-sido-comercializada\/","title":{"rendered":"Recuperaron una bicicleta robada que hab\u00eda sido comercializada"},"content":{"rendered":"\n<p>Tras averiguaciones, los efectivos de la comisar\u00eda 2da. URV alrededor de las 13.50 de hoy dieron con una bicicleta rodado 29 color negro que fue sustra\u00edda en la ma\u00f1ana de hoy en el barrio Libertad de esta ciudad.<\/p>\n\n\n\n<p>Respecto al rodado, los polic\u00edas establecieron que se hab\u00eda comercializado en el barrio Primavera de esta ciudad, fue as\u00ed que llegaron hasta un joven de 18 a\u00f1os quien efectivamente manifest\u00f3 que adquiri\u00f3 el biciciclo de buena fe de manos de un desconocido entreg\u00e1ndole un tel\u00e9fono y dinero en efectivo.<\/p>\n\n\n\n<p>Tras conocer el joven la procedencia il\u00edcita de la bicicleta el misma accedi\u00f3 voluntariamente a entregar el rodado, el cual fue incautada depositado en la dependencia policial y por estas horas ya fue reconocido por su propietario a quien le fue restituido.<\/p>\n","protected":false},"excerpt":{"rendered":"<p>Tras averiguaciones, los efectivos de la comisar\u00eda 2da. URV alrededor de las 13.50 de hoy<\/p>\n","protected":false},"author":1,"featured_media":26362,"comment_status":"open","ping_status":"open","sticky":false,"template":"","format":"standard","meta":{"footnotes":""},"categories":[228],"tags":[],"class_list":["post-26361","post","type-post","status-publish","format-standard","has-post-thumbnail","hentry","category-policiales"],"_links":{"self":[{"href":"https:\/\/actualizateiguazu.com\/v3\/wp-json\/wp\/v2\/posts\/26361","targetHints":{"allow":["GET"]}}],"collection":[{"href":"https:\/\/actualizateiguazu.com\/v3\/wp-json\/wp\/v2\/posts"}],"about":[{"href":"https:\/\/actualizateiguazu.com\/v3\/wp-json\/wp\/v2\/types\/post"}],"author":[{"embeddable":true,"href":"https:\/\/actualizateiguazu.com\/v3\/wp-json\/wp\/v2\/users\/1"}],"replies":[{"embeddable":true,"href":"https:\/\/actualizateiguazu.com\/v3\/wp-json\/wp\/v2\/comments?post=26361"}],"version-history":[{"count":1,"href":"https:\/\/actualizateiguazu.com\/v3\/wp-json\/wp\/v2\/posts\/26361\/revisions"}],"predecessor-version":[{"id":26363,"href":"https:\/\/actualizateiguazu.com\/v3\/wp-json\/wp\/v2\/posts\/26361\/revisions\/26363"}],"wp:featuredmedia":[{"embeddable":true,"href":"https:\/\/actualizateiguazu.com\/v3\/wp-json\/wp\/v2\/media\/26362"}],"wp:attachment":[{"href":"https:\/\/actualizateiguazu.com\/v3\/wp-json\/wp\/v2\/media?parent=26361"}],"wp:term":[{"taxonomy":"category","embeddable":true,"href":"https:\/\/actualizateiguazu.com\/v3\/wp-json\/wp\/v2\/categories?post=26361"},{"taxonomy":"post_tag","embeddable":true,"href":"https:\/\/actualizateiguazu.com\/v3\/wp-json\/wp\/v2\/tags?post=26361"}],"curies":[{"name":"wp","href":"https:\/\/api.w.org\/{rel}","templated":true}]}}