{"id":26370,"date":"2022-03-31T12:32:04","date_gmt":"2022-03-31T12:32:04","guid":{"rendered":"http:\/\/actualizateiguazu.com\/v3\/?p=26370"},"modified":"2022-03-31T12:32:08","modified_gmt":"2022-03-31T12:32:08","slug":"crimen-de-urizar-en-iguazu-la-saic-realizara-pericias-a-los-dispositivos","status":"publish","type":"post","link":"https:\/\/actualizateiguazu.com\/v3\/2022\/03\/31\/crimen-de-urizar-en-iguazu-la-saic-realizara-pericias-a-los-dispositivos\/","title":{"rendered":"Crimen de Urizar en Iguaz\u00fa: la Saic realizar\u00e1 pericias a los dispositivos"},"content":{"rendered":"\n<p>Dos d\u00edas pasaron de la conmoci\u00f3n que sufri\u00f3 Puerto Iguaz\u00fa por el crimen del comerciante que sali\u00f3 a entregar un pedido pero que nunca volvi\u00f3. Catriel Urizar (30) recibi\u00f3 un balazo en el pecho y falleci\u00f3 desangrado en su camioneta. <strong>Hoy ser\u00e1n indagados los sospechoso<\/strong>s.<\/p>\n\n\n\n<p>El personal policial que acudi\u00f3 al lugar incaut\u00f3 del veh\u00edculo un arma de pl\u00e1stico, dos celulares, un poco m\u00e1s de 3.000 pesos, una caja con \u201chamburpizzas\u201d, adem\u00e1s de una nota con el nombre y la direcci\u00f3n del cliente a quien llevaba el pedido.<\/p>\n\n\n\n<p><strong>En cuanto a los elementos secuestrados, el personal de la Saic (Secretar\u00eda de Apoyo para Investigaciones Complejas) realizar\u00e1 las pericias t\u00e9cnicas sobre los dispositivos telef\u00f3nicos que se incautaron de la escena<\/strong>.<\/p>\n\n\n\n<p>Asimismo, los efectivos de la Unidad Regional V, cerca del mediod\u00eda del martes, detuvieron a dos sospechosos que se encuentran a disposici\u00f3n del Juzgado de Instrucci\u00f3n Tres.<\/p>\n\n\n\n<p>Seg\u00fan fuentes ligadas al caso, durante la jornada de hoy los dos implicados ser\u00e1n trasladados al Juzgado para ser indagados. Los detenidos son dos j\u00f3venes de 18 a\u00f1os, identificados como Catalino P. y Anderson Alfredo A.<\/p>\n\n\n\n<p><strong>Por su parte, en la ma\u00f1ana de ayer,\u00a0 una multitud despidi\u00f3 a Catriel en el cementerio local<\/strong>.<\/p>\n\n\n\n<p><strong>Escena y pesquisas<\/strong><\/p>\n\n\n\n<p>La escena del crimen fue vista por vecinos del lugar que lo hallaron dentro del veh\u00edculo luego de escuchar el estruendo del disparo. Cuando salieron a ver, dos sujetos hu\u00edan de la escena luego de bajarse de la Toyota Hilux manejada por la v\u00edctima.<\/p>\n\n\n\n<p>Seg\u00fan detallaron fuentes intervinientes en el caso, el hecho se registr\u00f3 cerca de las 23.30 del lunes. Efectivos de la Comisar\u00eda Cuarta local recibieron un llamado de alerta por lo que hasta ese momento era un robo.<\/p>\n\n\n\n<p>La comisi\u00f3n lleg\u00f3 al lugar, en una calle sin nombre ni numeraci\u00f3n, y se top\u00f3 con el cad\u00e1ver dentro de la camioneta. El emprendedor gastron\u00f3mico yac\u00eda muerto en el asiento del conductor con un disparo en el pecho.<\/p>\n\n\n\n<p>Se pidieron refuerzos y en el lugar tambi\u00e9n se hicieron presente el juez Brites y sus colaboradores. El magistrado sigui\u00f3 de cerca las labores de la Divisi\u00f3n de Criminal\u00edstica y Polic\u00eda Cient\u00edfica.<\/p>\n\n\n\n<p>El m\u00e9dico policial determin\u00f3 que Urizar ten\u00eda \u201cun orificio de entrada de proyectil en la cara lateral derecha del t\u00f3rax\u201d. El cuerpo fue trasladado a autopsia, que se realiz\u00f3 en horas de la tarde del martes.<\/p>\n\n\n\n<p>Los resultados preliminares del Cuerpo M\u00e9dico Forense indican que el proyectil atraves\u00f3 un pulm\u00f3n y el bazo, por lo que muri\u00f3 desangrado. El plomo extra\u00eddo, se dijo, es de un calibre entre 32 y 38.<\/p>\n\n\n\n<p><strong>Por su parte, investigadores de la Direcci\u00f3n de Homicidios, Brigada de Investigaciones y comisar\u00edas locales llegaron a los sospechosos mediante filmaciones y relevamiento de declaraciones testimoniales<\/strong>.<\/p>\n\n\n\n<p>El primero en caer fue Catalino, con domicilio en el mismo barrio donde ocurri\u00f3 el hecho. Ten\u00eda un pedido de detenci\u00f3n por amenazas calificadas.<\/p>\n\n\n\n<p>Los testimonios indican que tiene antecedentes por robo en Brasil y se lo relaciona a un asalto a un taxista d\u00edas atr\u00e1s, adem\u00e1s de estar involucrado en venta de armas.<\/p>\n\n\n\n<p>Fue el primero en ser se\u00f1alado por distintas voces y sobre \u00e9l recaen las sospechas de ser quien dispar\u00f3 el arma. Luego de su detenci\u00f3n, en horas de la ma\u00f1ana del martes, se procedi\u00f3 a allanar su casa, donde fueron hallados elementos de mucho peso en su contra.<\/p>\n\n\n\n<p>Hab\u00eda en el lugar un rev\u00f3lver calibre 38, que podr\u00eda ser el arma homicida, con una vaina servida y un cartucho. Tambi\u00e9n una mochila que no le pertenec\u00eda, pero que en su interior ten\u00eda documentos &#8211; un curr\u00edculum vitae &#8211; que llev\u00f3 a los pesquisas al segundo implicado.<\/p>\n\n\n\n<p>Anderson, dijeron las fuentes, se entreg\u00f3 en horas de la tarde junto a su padre y qued\u00f3 detenido. La Justicia orden\u00f3 allanamientos en la morada de ambos, los cuales se realizaron durante la noche del martes.<\/p>\n\n\n\n<p>Por otra parte, en un basural ubicado a unos 100 metros de la casa de Catalino se hallaron prendas de vestir que ser\u00edan las utilizadas por los asesinos al momento de cometer el hecho.<\/p>\n\n\n\n<p><strong>Hip\u00f3tesis preliminares<\/strong><\/p>\n\n\n\n<p>Debido a que los asesinos no se llevaron nada, una vez conocido el hecho se empezaron a tejer especulaciones e hip\u00f3tesis de un ajuste de cuentas como m\u00f3vil del crimen. Sin embargo, esto perdi\u00f3 mucha fuerza ante todo lo recolectado.<\/p>\n\n\n\n<p>Si bien nada se puede descartar, lo que trazaron los investigadores indica que la intenci\u00f3n de los delincuentes era robar a la v\u00edctima, pero cuando estuvieron dentro del auto y vieron que Urizar sac\u00f3 su r\u00e9plica de arma todo se sali\u00f3 de control.<\/p>\n\n\n\n<p>Creen que la \u201cinexperiencia\u201d de los j\u00f3venes delincuentes les jug\u00f3 una mala pasada y termin\u00f3 con el lamentable saldo de una persona asesinada.<\/p>\n\n\n\n<p>El d\u00fao de asaltantes, seg\u00fan el testimonio de una persona que lleg\u00f3 r\u00e1pido al lugar, huy\u00f3 a pie, otro signo de la poca planificaci\u00f3n. Resta determinar si la v\u00edctima fue citada en el lugar por los criminales o si fue un ataque al voleo, aunque la primera opci\u00f3n es la m\u00e1s potable. En este sentido, el personal de la SAIC realizar\u00e1 las pericias de rigor.<\/p>\n\n\n\n<p>Con el resultado de las diligencias que se realizaron el martes por la noche las autoridades judiciales determinaron que durante la jornada de hoy los detenidos ser\u00e1n citados a declarar.<\/p>\n\n\n\n<p>Fuente: El Territorio<\/p>\n","protected":false},"excerpt":{"rendered":"<p>Dos d\u00edas pasaron de la conmoci\u00f3n que sufri\u00f3 Puerto Iguaz\u00fa por el crimen del comerciante<\/p>\n","protected":false},"author":1,"featured_media":26371,"comment_status":"open","ping_status":"open","sticky":false,"template":"","format":"standard","meta":{"footnotes":""},"categories":[228],"tags":[],"class_list":["post-26370","post","type-post","status-publish","format-standard","has-post-thumbnail","hentry","category-policiales"],"_links":{"self":[{"href":"https:\/\/actualizateiguazu.com\/v3\/wp-json\/wp\/v2\/posts\/26370","targetHints":{"allow":["GET"]}}],"collection":[{"href":"https:\/\/actualizateiguazu.com\/v3\/wp-json\/wp\/v2\/posts"}],"about":[{"href":"https:\/\/actualizateiguazu.com\/v3\/wp-json\/wp\/v2\/types\/post"}],"author":[{"embeddable":true,"href":"https:\/\/actualizateiguazu.com\/v3\/wp-json\/wp\/v2\/users\/1"}],"replies":[{"embeddable":true,"href":"https:\/\/actualizateiguazu.com\/v3\/wp-json\/wp\/v2\/comments?post=26370"}],"version-history":[{"count":1,"href":"https:\/\/actualizateiguazu.com\/v3\/wp-json\/wp\/v2\/posts\/26370\/revisions"}],"predecessor-version":[{"id":26372,"href":"https:\/\/actualizateiguazu.com\/v3\/wp-json\/wp\/v2\/posts\/26370\/revisions\/26372"}],"wp:featuredmedia":[{"embeddable":true,"href":"https:\/\/actualizateiguazu.com\/v3\/wp-json\/wp\/v2\/media\/26371"}],"wp:attachment":[{"href":"https:\/\/actualizateiguazu.com\/v3\/wp-json\/wp\/v2\/media?parent=26370"}],"wp:term":[{"taxonomy":"category","embeddable":true,"href":"https:\/\/actualizateiguazu.com\/v3\/wp-json\/wp\/v2\/categories?post=26370"},{"taxonomy":"post_tag","embeddable":true,"href":"https:\/\/actualizateiguazu.com\/v3\/wp-json\/wp\/v2\/tags?post=26370"}],"curies":[{"name":"wp","href":"https:\/\/api.w.org\/{rel}","templated":true}]}}