{"id":26404,"date":"2022-04-01T15:30:04","date_gmt":"2022-04-01T15:30:04","guid":{"rendered":"http:\/\/actualizateiguazu.com\/v3\/?p=26404"},"modified":"2022-04-01T17:00:00","modified_gmt":"2022-04-01T17:00:00","slug":"iguazu-contara-con-conexion-area-con-jujuy-y-mendoza-desde-julio","status":"publish","type":"post","link":"https:\/\/actualizateiguazu.com\/v3\/2022\/04\/01\/iguazu-contara-con-conexion-area-con-jujuy-y-mendoza-desde-julio\/","title":{"rendered":"Iguaz\u00fa contar\u00e1 con conexi\u00f3n a\u00e9rea a Jujuy y Mendoza desde julio"},"content":{"rendered":"\n<p>Aerol\u00edneas Argentinas anunci\u00f3 que desde julio contar\u00e1 con un nuevo corredor tur\u00edstico que unir\u00e1 a Iguaz\u00fa con Mendoza y Jujuy. <strong>El nuevo corredor est\u00e1 configurado para operar Iguaz\u00fa-Jujuy-Mendoza, todos los lunes y viernes, en tanto los martes y s\u00e1bado, funcionar\u00e1 en el sentido inverso. Adicionalmente, la empresa confirm\u00f3 que tambi\u00e9n desde julio, suma 3 nuevos vuelos entre Jujuy y Buenos Aires, pasando de 18 a 21 frecuencias semanales<\/strong>.<\/p>\n\n\n\n<p>El anuncio se dio a conocer ayer en conferencia de prensa en la provincia de Jujuy \u201c<strong>Estos nuevos vuelos van a potenciar much\u00edsimo la llegada de turistas a la provincia de Jujuy, ya que al formarse un corredor entre tres provincias con atractivos muy importantes y diversos, estamos ofreciendo la posibilidad de conocer Argentina sin tener que volver a Buenos Aires para tomar el siguiente vuelo<\/strong>\u201d, explic\u00f3 Pablo Ceriani titular de Aerol\u00edneas Argentinas.<\/p>\n\n\n\n<p>Por su parte el gobernador de la provincia de Jujuy, Gerardo Morales, destac\u00f3 la importancia de que Aerol\u00edneas siga apostando por Jujuy y por todo el pa\u00eds con sus vuelos federales y agreg\u00f3 que \u201ces fundamental contar con los vuelos transversales que nos conectan sin tener que pasar por Aeroparque.\u201d<\/p>\n\n\n\n<p>Cabe recordar que, Aerol\u00edneas Argentinas con la confirmaci\u00f3n de los nuevos intertramos, la empresa alcanza la cifra de 41 rutas federales sin pasar por Buenos Aires.<\/p>\n","protected":false},"excerpt":{"rendered":"<p>Aerol\u00edneas Argentinas anunci\u00f3 que desde julio contar\u00e1 con un nuevo corredor tur\u00edstico que unir\u00e1 a<\/p>\n","protected":false},"author":1,"featured_media":26405,"comment_status":"open","ping_status":"open","sticky":false,"template":"","format":"standard","meta":{"footnotes":""},"categories":[1,226],"tags":[],"class_list":["post-26404","post","type-post","status-publish","format-standard","has-post-thumbnail","hentry","category-actualidad","category-locales"],"_links":{"self":[{"href":"https:\/\/actualizateiguazu.com\/v3\/wp-json\/wp\/v2\/posts\/26404","targetHints":{"allow":["GET"]}}],"collection":[{"href":"https:\/\/actualizateiguazu.com\/v3\/wp-json\/wp\/v2\/posts"}],"about":[{"href":"https:\/\/actualizateiguazu.com\/v3\/wp-json\/wp\/v2\/types\/post"}],"author":[{"embeddable":true,"href":"https:\/\/actualizateiguazu.com\/v3\/wp-json\/wp\/v2\/users\/1"}],"replies":[{"embeddable":true,"href":"https:\/\/actualizateiguazu.com\/v3\/wp-json\/wp\/v2\/comments?post=26404"}],"version-history":[{"count":3,"href":"https:\/\/actualizateiguazu.com\/v3\/wp-json\/wp\/v2\/posts\/26404\/revisions"}],"predecessor-version":[{"id":26409,"href":"https:\/\/actualizateiguazu.com\/v3\/wp-json\/wp\/v2\/posts\/26404\/revisions\/26409"}],"wp:featuredmedia":[{"embeddable":true,"href":"https:\/\/actualizateiguazu.com\/v3\/wp-json\/wp\/v2\/media\/26405"}],"wp:attachment":[{"href":"https:\/\/actualizateiguazu.com\/v3\/wp-json\/wp\/v2\/media?parent=26404"}],"wp:term":[{"taxonomy":"category","embeddable":true,"href":"https:\/\/actualizateiguazu.com\/v3\/wp-json\/wp\/v2\/categories?post=26404"},{"taxonomy":"post_tag","embeddable":true,"href":"https:\/\/actualizateiguazu.com\/v3\/wp-json\/wp\/v2\/tags?post=26404"}],"curies":[{"name":"wp","href":"https:\/\/api.w.org\/{rel}","templated":true}]}}