{"id":26417,"date":"2022-04-02T11:23:29","date_gmt":"2022-04-02T11:23:29","guid":{"rendered":"http:\/\/actualizateiguazu.com\/v3\/?p=26417"},"modified":"2022-04-02T11:23:33","modified_gmt":"2022-04-02T11:23:33","slug":"reabriran-todos-los-pasos-fronterizos-y-se-eliminan-el-pcr-y-el-pase-sanitario","status":"publish","type":"post","link":"https:\/\/actualizateiguazu.com\/v3\/2022\/04\/02\/reabriran-todos-los-pasos-fronterizos-y-se-eliminan-el-pcr-y-el-pase-sanitario\/","title":{"rendered":"Reabrir\u00e1n todos los pasos fronterizos y se eliminan el PCR y el pase sanitario"},"content":{"rendered":"\n<p><strong>El gobierno nacional oficializ\u00f3 ayer la reapertura de los 237 pasos internacionales del pa\u00eds y, al mismo tiempo, la simplificaci\u00f3n de los tr\u00e1mites de ingreso y egreso, tanto terrestres como fluviales, mar\u00edtimos y a\u00e9reos. De esa manera, se elimina la categor\u00eda de corredor seguro y los argentinos, residentes y extranjeros estar\u00e1n eximidos de la presentaci\u00f3n de la prueba de PCR negativo y del carnet sanitario de vacunaci\u00f3n anticovid<\/strong>.<\/p>\n\n\n\n<p>Seg\u00fan se adelant\u00f3, despu\u00e9s de la reuni\u00f3n del Ministro del Interior, Eduardo \u201cWado\u201d de Pedro, y los gobernadores y gobernadoras con pasos internacionales, -entre ellos, el mandatario misionero, Oscar Herrera Ahuad-, la apertura ser\u00e1 progresiva y se normalizar\u00e1 en los pr\u00f3ximos d\u00edas,<\/p>\n\n\n\n<p>La realidad sanitaria que atraviesa Argentina con un descenso marcado de casos y muertes por Covid-19 desde hace diez semanas consecutivas, as\u00ed como el avance en la campa\u00f1a de vacunaci\u00f3n contra el virus posibilitan m\u00e1s aperturas que estaban vedadas cuando lleg\u00f3 la enfermedad.<\/p>\n\n\n\n<p>No obstante, pese a estas libertades, <strong>desde ayer las personas extranjeras no residentes para ingresar al pa\u00eds deben completar una declaraci\u00f3n jurada electr\u00f3nica al menos 48 horas antes del viaje y contar con seguro de salud Covid-19 que contemple cobertura de servicios de internaci\u00f3n, aislamiento y\/o traslado sanitario.<\/strong><\/p>\n\n\n\n<p>Mientras, <strong>argentinos y residentes en el pa\u00eds tambi\u00e9n deber\u00e1n completar la declaraci\u00f3n jurada antes del viaje, aunque en ambos casos quedan eximidos quienes ingresen al pa\u00eds por un plazo menor a 24 horas y lo hagan por v\u00eda terrestre<\/strong>.<\/p>\n\n\n\n<p>\u201cLa idea es avanzar en este mes de manera acordada con cada provincia en la apertura de todos los pasos fronterizos ya sea, terrestres, a\u00e9reos o fluviales para que el tr\u00e1nsito de personas vuelva a ser como antes de la pandemia. Ser\u00e1 a lo largo de abril y se ir\u00e1n comunicando las fechas a medida que avancemos con cada jurisdicci\u00f3n\u201d, explicaron ayer a El Territorio desde el Ministerio del Interior.<\/p>\n\n\n\n<p><strong>La puesta en marcha de la reglamentaci\u00f3n se har\u00e1 efectiva a partir de su publicaci\u00f3n en el Bolet\u00edn Oficial<\/strong>.<\/p>\n\n\n\n<p><strong><em>M\u00e1s de 20 pasos por habilitar<\/em><\/strong><\/p>\n\n\n\n<p>En el caso de Misiones, tiene hasta el momento once pasos fronterizos con Brasil y Paraguay abiertos y quedan otros 24 por normalizarse. Es as\u00ed que est\u00e1n operativos los pasos Posadas-Encarnaci\u00f3n, Irigoyen-Cerqueira, Iguaz\u00fa-Foz, Pepir\u00ed-San Miguel, Alba Posse-Mau\u00e1, San Antonio-Santo Antonio, San Javier-Porto Xavier.<\/p>\n\n\n\n<p>Los \u00faltimos cuatro habilitados fueron Comandante Andresito y Capanema (Brasil), Panamb\u00ed y Porto Vera Cruz (Brasil), Eldorado y Puerto Mayor Julio Ota\u00f1o, y entre Puerto Rico y Puerto Triunfo, ambos lim\u00edtrofes con Paraguay.<\/p>\n\n\n\n<p>El encuentro fue encabezado por el ministro De Pedro, acompa\u00f1ado por el secretario de Interior, Jos\u00e9 Lepere; la titular de la Direcci\u00f3n Nacional de Migraciones (DNM), Florencia Carignano; el titular de la Unidad Gabinete de Asesores de la Jefatura de Gabinete de Ministros, Mart\u00edn Y\u00e1nez, y el director nacional de Asuntos T\u00e9cnicos de Fronteras, Adri\u00e1n L\u00f3pez, en una videoconferencia con las y los gobernadores y representantes de las quince provincias con pasos internacionales, quienes a partir de la entrada en vigencia de la medida definir\u00e1n las aperturas o eventuales cambios de reg\u00edmenes junto a la DNM.<\/p>\n\n\n\n<p>Ademas de Herrera Ahuad, tambi\u00e9n participaron del encuentro los gobernadores y autoridades de las provincias de Catamarca, Chubut, Corrientes, Entre R\u00edos, Formosa, Jujuy, La Rioja, Mendoza, Neuqu\u00e9n, R\u00edo Negro, Salta, San Juan,Santa Cruz y Tierra del Fuego.<\/p>\n\n\n\n<p><strong>Los que s\u00ed se pedir\u00e1 en la frontera<\/strong><\/p>\n\n\n\n<p><strong>Argentinos y residentes<\/strong><\/p>\n\n\n\n<p>Todos los viajeros ya no deber\u00e1n presentar el PCR negativo ni el carnet de vacunaci\u00f3n, pero <strong>argentinos y residentes deber\u00e1n completar la declaraci\u00f3n jurada antes del viaje. Sin embargo, quedan liberados de ese requisito quienes ingresen al pa\u00eds por un plazo menor a 24 horas y lo hagan por v\u00eda terrestre.<\/strong><\/p>\n\n\n\n<p>Extranjeros<\/p>\n\n\n\n<p><strong>Para ingresar al pa\u00eds deben completar una declaraci\u00f3n jurada electr\u00f3nica al menos 48 horas antes del viaje y contar con seguro de salud Covid-19 que contemple cobertura de servicios de internaci\u00f3n, aislamiento y\/o traslado sanitario<\/strong>. Quedan eximidos de la declaraci\u00f3n jurada quienes ingresen al pa\u00eds por un plazo menor a 24 horas y por v\u00eda terrestre.<\/p>\n\n\n\n<p><strong>Covid-19: Misiones tiene dos pacientes internados<\/strong><\/p>\n\n\n\n<p>Como se viene reflejando a nivel nacional, Misiones no escapa a esa realidad y el mes de marzo cierra con 543 casos de Covid-19 y trece muertos por la enfermedad, lo que significa una reducci\u00f3n del 95,1% respecto al mes pasado que cerr\u00f3 con 10.893. La tendencia en baja se mantiene desde febrero, luego de que en enero se hayan superado los 36 mil contagios.<\/p>\n\n\n\n<p>En ese marco, en el \u00faltimo bolet\u00edn epidemiol\u00f3gico del Ministerio de Salud de la provincia -que desde ahora es semanal-, se destaca que hay solamente dos pacientes internados en los centros de salud, algo que no ocurr\u00eda desde los inicios de la pandemia en la tierra colorada.<\/p>\n\n\n\n<p>El parte detall\u00f3 adem\u00e1s que desde el lunes 28 hasta ayer se notificaron quince nuevos casos positivos de coronavirus. De esta manera, ascienden a 83.947 el total de contagios acumulados desde la llegada de la enfermedad. Seg\u00fan detallaron desde la cartera sanitaria, los nuevos contagios corresponden a: Posadas (7), Ober\u00e1 (3), Eldorado (2), y Montecarlo, Garup\u00e1, y Arist\u00f3bulo del Valle (1). Adem\u00e1s, eran 264 los pacientes con el virus activo y 82.753 son los recuperados.<\/p>\n\n\n\n<p>Cabe recordar que el \u00faltimo parte diario fue el 27 de marzo. La decisi\u00f3n obedece, seg\u00fan expuso la cartera sanitaria local, al acuerdo de responsables sanitarios de todas las provincias argentinas, en consenso con el Consejo Federal de Salud (Cofesa), basados en la situaci\u00f3n epidemiol\u00f3gica actual e indicadores de an\u00e1lisis de la pandemia.<\/p>\n\n\n\n<p>A nivel nacional se reportaron 1.927 nuevos contagios y elev\u00f3 sus positivos totales a 9.039.838. Adem\u00e1s hubo 34 muertos por la enfermedad y se acumulan 128.052 fallecidos.<\/p>\n\n\n\n<p>Por otra parte, ayer el Gobierno Nacional oficializ\u00f3 la eliminaci\u00f3n del distanciamiento obligatorio de dos metros, aunque mantiene las recomendaciones del uso del barbijo, higiene de manos y ventilaci\u00f3n de los espacios.<\/p>\n\n\n\n<p>Fuente: El Territorio<\/p>\n","protected":false},"excerpt":{"rendered":"<p>El gobierno nacional oficializ\u00f3 ayer la reapertura de los 237 pasos internacionales del pa\u00eds y,<\/p>\n","protected":false},"author":1,"featured_media":26419,"comment_status":"open","ping_status":"open","sticky":false,"template":"","format":"standard","meta":{"footnotes":""},"categories":[1,227],"tags":[],"class_list":["post-26417","post","type-post","status-publish","format-standard","has-post-thumbnail","hentry","category-actualidad","category-nacionales"],"_links":{"self":[{"href":"https:\/\/actualizateiguazu.com\/v3\/wp-json\/wp\/v2\/posts\/26417","targetHints":{"allow":["GET"]}}],"collection":[{"href":"https:\/\/actualizateiguazu.com\/v3\/wp-json\/wp\/v2\/posts"}],"about":[{"href":"https:\/\/actualizateiguazu.com\/v3\/wp-json\/wp\/v2\/types\/post"}],"author":[{"embeddable":true,"href":"https:\/\/actualizateiguazu.com\/v3\/wp-json\/wp\/v2\/users\/1"}],"replies":[{"embeddable":true,"href":"https:\/\/actualizateiguazu.com\/v3\/wp-json\/wp\/v2\/comments?post=26417"}],"version-history":[{"count":1,"href":"https:\/\/actualizateiguazu.com\/v3\/wp-json\/wp\/v2\/posts\/26417\/revisions"}],"predecessor-version":[{"id":26420,"href":"https:\/\/actualizateiguazu.com\/v3\/wp-json\/wp\/v2\/posts\/26417\/revisions\/26420"}],"wp:featuredmedia":[{"embeddable":true,"href":"https:\/\/actualizateiguazu.com\/v3\/wp-json\/wp\/v2\/media\/26419"}],"wp:attachment":[{"href":"https:\/\/actualizateiguazu.com\/v3\/wp-json\/wp\/v2\/media?parent=26417"}],"wp:term":[{"taxonomy":"category","embeddable":true,"href":"https:\/\/actualizateiguazu.com\/v3\/wp-json\/wp\/v2\/categories?post=26417"},{"taxonomy":"post_tag","embeddable":true,"href":"https:\/\/actualizateiguazu.com\/v3\/wp-json\/wp\/v2\/tags?post=26417"}],"curies":[{"name":"wp","href":"https:\/\/api.w.org\/{rel}","templated":true}]}}