{"id":26422,"date":"2022-04-02T12:33:27","date_gmt":"2022-04-02T12:33:27","guid":{"rendered":"http:\/\/actualizateiguazu.com\/v3\/?p=26422"},"modified":"2022-04-02T12:40:51","modified_gmt":"2022-04-02T12:40:51","slug":"dia-internacional-el-autismo-caminata-y-barrileteada-en-iguazu","status":"publish","type":"post","link":"https:\/\/actualizateiguazu.com\/v3\/2022\/04\/02\/dia-internacional-el-autismo-caminata-y-barrileteada-en-iguazu\/","title":{"rendered":"D\u00eda internacional del autismo: Caminata y barrileteada en Iguaz\u00fa"},"content":{"rendered":"\n<p>Hace ya varios meses el grupo TEA Iguaz\u00fa esta llevando adelante actividades para visibilizar el autismo y los problemas con los que deben enfrentarse diariamente ante la falta de profesionales m\u00e9dicos para las terapias y el incumplimiento de muchos \u00edtems de la ley nacional. <strong>Este s\u00e1bado 2 de abril, d\u00eda en el que se celebra a nivel internacional, el grupo de familias TEA llevaran adelante una caminata y barrileteada para visibilizar la causa y una vez m\u00e1s elevar sus reclamos para una mejor calidad del vida de sus hijos<\/strong>.<\/p>\n\n\n\n<p>Invitan a la comunidad a acompa\u00f1ar la actividad, <strong>la convocatoria es las 16hs en la intersecci\u00f3n de las avenidas Victoria Aguirre y C\u00f3rdoba, all\u00ed llevaran adelante una caminata, hasta los jardines el Panoramic para un tiempo de esparcimiento con los ni\u00f1os, y porque no de los adultos que disfrutan remontar barriletes.<\/strong><\/p>\n\n\n\n<figure class=\"wp-block-image size-full\"><img loading=\"lazy\" decoding=\"async\" width=\"933\" height=\"983\" src=\"https:\/\/actualizateiguazu.com\/v3\/wp-content\/uploads\/2022\/04\/WhatsApp-Image-2022-04-02-at-9.24.12-AM-1.jpeg\" alt=\"\" class=\"wp-image-26426\" srcset=\"https:\/\/actualizateiguazu.com\/v3\/wp-content\/uploads\/2022\/04\/WhatsApp-Image-2022-04-02-at-9.24.12-AM-1.jpeg 933w, https:\/\/actualizateiguazu.com\/v3\/wp-content\/uploads\/2022\/04\/WhatsApp-Image-2022-04-02-at-9.24.12-AM-1-285x300.jpeg 285w, https:\/\/actualizateiguazu.com\/v3\/wp-content\/uploads\/2022\/04\/WhatsApp-Image-2022-04-02-at-9.24.12-AM-1-768x809.jpeg 768w\" sizes=\"auto, (max-width: 933px) 100vw, 933px\" \/><\/figure>\n\n\n\n<p>A nivel internacional la celebraci\u00f3n de este a\u00f1o abordar\u00e1 la <strong>educaci\u00f3n inclusiva en el contexto del ODS 4, la promesa y la realidad, a trav\u00e9s de un evento virtual que incluir\u00e1 un panel de discusi\u00f3n y presentaciones de expertos en el \u00e1mbito de la educaci\u00f3n<\/strong>.<\/p>\n\n\n\n<p>El tema de la educaci\u00f3n inclusiva est\u00e1 intr\u00ednsecamente relacionado con el enfoque de la celebraci\u00f3n del a\u00f1o pasado, \u00abInclusi\u00f3n en el lugar de trabajo\u00bb. Los panelistas en el evento del a\u00f1o pasado enfatizaron cu\u00e1n crucial es fomentar una educaci\u00f3n inclusiva de calidad para las personas en el espectro del autismo para que puedan desarrollar su potencial y lograr un \u00e9xito sostenible en el mercado laboral. En este sentido, la educaci\u00f3n inclusiva es la clave de la promesa transformadora de los Objetivos de Desarrollo Sostenible, de no dejar a nadie atr\u00e1s.<\/p>\n\n\n\n<p><strong>Educaci\u00f3n de calidad, clave del Objetivo de Desarrollo Sostenible 4<\/strong><\/p>\n\n\n\n<figure class=\"wp-block-image size-full\"><img loading=\"lazy\" decoding=\"async\" width=\"713\" height=\"815\" src=\"https:\/\/actualizateiguazu.com\/v3\/wp-content\/uploads\/2022\/04\/WhatsApp-Image-2022-04-02-at-9.24.13-AM-1.jpeg\" alt=\"\" class=\"wp-image-26430\" srcset=\"https:\/\/actualizateiguazu.com\/v3\/wp-content\/uploads\/2022\/04\/WhatsApp-Image-2022-04-02-at-9.24.13-AM-1.jpeg 713w, https:\/\/actualizateiguazu.com\/v3\/wp-content\/uploads\/2022\/04\/WhatsApp-Image-2022-04-02-at-9.24.13-AM-1-262x300.jpeg 262w\" sizes=\"auto, (max-width: 713px) 100vw, 713px\" \/><\/figure>\n\n\n\n<p>Los 17 Objetivos de Desarrollo Sostenible adoptados por los l\u00edderes mundiales en las Naciones Unidas en 2015 proporcionan un plan para abordar los principales desaf\u00edos a los que se enfrenta el mundo, incluida la desigualdad.<\/p>\n\n\n\n<p>El Objetivo de Desarrollo Sostenible 4 (ODS 4) se centra en garantizar una educaci\u00f3n de calidad inclusiva y equitativa y promover oportunidades de aprendizaje permanente para todos, como base para mejorar la vida de las personas y reducir las desigualdades.<\/p>\n\n\n\n<p>Las metas espec\u00edficas para el ODS 4 se refieren a la necesidad de garantizar \u201cigualdad de acceso a todos los niveles de educaci\u00f3n y formaci\u00f3n profesional\u201d para las personas con discapacidad y construir y mejorar instalaciones educativas que sean sensibles a la discapacidad y que proporcionen \u201centornos de aprendizaje inclusivos y efectivos para todos\u201d.<\/p>\n\n\n\n<p>En este sentido, los ODS se hacen eco de la Convenci\u00f3n de las Naciones Unidas sobre los Derechos de las Personas con Discapacidad. El art\u00edculo 24 de la Convenci\u00f3n reconoce que las personas con discapacidad tienen derecho a una educaci\u00f3n inclusiva y de calidad en igualdad de condiciones con las dem\u00e1s y que se deben realizar ajustes razonables a las necesidades de la persona.<\/p>\n","protected":false},"excerpt":{"rendered":"<p>Hace ya varios meses el grupo TEA Iguaz\u00fa esta llevando adelante actividades para visibilizar el<\/p>\n","protected":false},"author":1,"featured_media":26429,"comment_status":"open","ping_status":"open","sticky":false,"template":"","format":"standard","meta":{"footnotes":""},"categories":[1,226,232],"tags":[],"class_list":["post-26422","post","type-post","status-publish","format-standard","has-post-thumbnail","hentry","category-actualidad","category-locales","category-sociedad"],"_links":{"self":[{"href":"https:\/\/actualizateiguazu.com\/v3\/wp-json\/wp\/v2\/posts\/26422","targetHints":{"allow":["GET"]}}],"collection":[{"href":"https:\/\/actualizateiguazu.com\/v3\/wp-json\/wp\/v2\/posts"}],"about":[{"href":"https:\/\/actualizateiguazu.com\/v3\/wp-json\/wp\/v2\/types\/post"}],"author":[{"embeddable":true,"href":"https:\/\/actualizateiguazu.com\/v3\/wp-json\/wp\/v2\/users\/1"}],"replies":[{"embeddable":true,"href":"https:\/\/actualizateiguazu.com\/v3\/wp-json\/wp\/v2\/comments?post=26422"}],"version-history":[{"count":2,"href":"https:\/\/actualizateiguazu.com\/v3\/wp-json\/wp\/v2\/posts\/26422\/revisions"}],"predecessor-version":[{"id":26432,"href":"https:\/\/actualizateiguazu.com\/v3\/wp-json\/wp\/v2\/posts\/26422\/revisions\/26432"}],"wp:featuredmedia":[{"embeddable":true,"href":"https:\/\/actualizateiguazu.com\/v3\/wp-json\/wp\/v2\/media\/26429"}],"wp:attachment":[{"href":"https:\/\/actualizateiguazu.com\/v3\/wp-json\/wp\/v2\/media?parent=26422"}],"wp:term":[{"taxonomy":"category","embeddable":true,"href":"https:\/\/actualizateiguazu.com\/v3\/wp-json\/wp\/v2\/categories?post=26422"},{"taxonomy":"post_tag","embeddable":true,"href":"https:\/\/actualizateiguazu.com\/v3\/wp-json\/wp\/v2\/tags?post=26422"}],"curies":[{"name":"wp","href":"https:\/\/api.w.org\/{rel}","templated":true}]}}