{"id":26437,"date":"2022-04-02T16:15:38","date_gmt":"2022-04-02T16:15:38","guid":{"rendered":"http:\/\/actualizateiguazu.com\/v3\/?p=26437"},"modified":"2022-04-02T16:15:44","modified_gmt":"2022-04-02T16:15:44","slug":"rindieron-homenaje-en-jardin-america-a-los-veteranos-y-caidos-en-la-guerra-de-malvinas","status":"publish","type":"post","link":"https:\/\/actualizateiguazu.com\/v3\/2022\/04\/02\/rindieron-homenaje-en-jardin-america-a-los-veteranos-y-caidos-en-la-guerra-de-malvinas\/","title":{"rendered":"Rindieron homenaje en Jard\u00edn Am\u00e9rica a los veteranos y ca\u00eddos en la guerra de Malvinas"},"content":{"rendered":"\n<p>En Jard\u00edn Am\u00e9rica, el Gobernador encabez\u00f3 el acto central del D\u00eda del Veterano y de los Ca\u00eddos en la Guerra de Malvinas. En este marco, <strong>en el cuadrag\u00e9simo aniversario, entreg\u00f3 un reconocimiento a los veteranos H\u00e9roes de la provincia. Herrera Ahuad destac\u00f3 la lucha por la patria de los excombatientes, reivindic\u00f3 la figura de los ca\u00eddos en combate y reafirm\u00f3 su compromiso de honrar la memoria y la historia del conflicto en la educaci\u00f3n de las pr\u00f3ximas generaciones<\/strong>.\u00a0<\/p>\n\n\n\n<p>En un aniversario m\u00e1s de un conflicto que cal\u00f3 hondo en la memoria de todos los argentinos, el gobernador Oscar Herrera Ahuad encabez\u00f3 el acto central del D\u00eda del Veterano y de los Ca\u00eddos en la Guerra de Malvinas. As\u00ed, en la plaza Col\u00f3n de la localidad, en el marco del cuadrag\u00e9simo aniversario, deposit\u00f3 una ofrenda floral y particip\u00f3 en el momento de mayor emoci\u00f3n con la entrega de reconocimientos honor\u00edficos a los veteranos H\u00e9roes de Misiones. El mandatario calific\u00f3 la fecha como fundacional para la nueva era de nuestra patria y agradeci\u00f3 al intendente local y a las asociaciones de Veteranos por organizar el sentido acto.<\/p>\n\n\n\n<p>\u201c<strong>Es un verdadero acto de reconocimiento, de reflexi\u00f3n, que tiene un condimento muy especial<\/strong>\u201d, coment\u00f3 aludiendo a que fue el primer evento oficial con desfile c\u00edvico -militar y sin distanciamiento social de su mandato. En la misma l\u00ednea, confes\u00f3 sentirse feliz \u201cde que este primer acto sea con nuestros soldados de Malvinas y que sea en conmemoraci\u00f3n de la memoria de los ca\u00eddos y de sus familias\u201d. Y dirigi\u00e9ndose a los veteranos, recalc\u00f3 que \u201cla historia son ustedes, la historia viva de Malvinas son ustedes\u201d.<\/p>\n\n\n\n<p>\u201cHe aprendido tambi\u00e9n que desde ese lugar se puede reclamar por m\u00e1s justicia, por m\u00e1s derechos para nuestros soldados de Malvinas. Lo hemos entendido siempre y lo hemos trabajado\u201d, coment\u00f3. Si bien, lament\u00f3 que la reivindicaci\u00f3n nunca ser\u00e1 completa para retribuir lo que hicieron los veteranos por la Argentina. De igual manera, resalt\u00f3 que el 2 de abril, a pesar de las diferencias pol\u00edticas e ideolog\u00edas de la sociedad argentina, es \u201cel \u00fanico d\u00eda, de los 365 del a\u00f1o, que une a todos los argentinos y todo el coraz\u00f3n de los argentinos\u201d.<\/p>\n\n\n\n<figure class=\"wp-block-image size-large\"><img loading=\"lazy\" decoding=\"async\" width=\"1024\" height=\"683\" src=\"https:\/\/actualizateiguazu.com\/v3\/wp-content\/uploads\/2022\/04\/2-Malvinas-1024x683.jpg\" alt=\"\" class=\"wp-image-26438\" srcset=\"https:\/\/actualizateiguazu.com\/v3\/wp-content\/uploads\/2022\/04\/2-Malvinas-1024x683.jpg 1024w, https:\/\/actualizateiguazu.com\/v3\/wp-content\/uploads\/2022\/04\/2-Malvinas-300x200.jpg 300w, https:\/\/actualizateiguazu.com\/v3\/wp-content\/uploads\/2022\/04\/2-Malvinas-768x512.jpg 768w, https:\/\/actualizateiguazu.com\/v3\/wp-content\/uploads\/2022\/04\/2-Malvinas.jpg 1280w\" sizes=\"auto, (max-width: 1024px) 100vw, 1024px\" \/><\/figure>\n\n\n\n<p>\u201c<strong>Argentina deber\u00eda tener los 365 d\u00edas del a\u00f1o un 2 de abril, y estoy convencido que de esa manera, unidos, juntos, podemos salir adelante como pa\u00eds<\/strong>\u201d, enfatiz\u00f3 en reconocimiento de la entrega de los soldados de Malvinas por la patria. Igualmente, reiter\u00f3 la responsabilidad pol\u00edtico institucional de dar a conocer entre los j\u00f3venes \u201c<strong>la causa Malvinas e Islas del Atl\u00e1ntico Sur, que es fundamental para la construcci\u00f3n de una sociedad unida<\/strong>\u201d. Y hacia el final de su alocuci\u00f3n, Herrera Ahuad declar\u00f3 que \u201c<strong>hoy elijo pelear por amor a la patria<\/strong>\u201d, como lo hicieron los veteranos y exclam\u00f3 con vehemencia \u201c\u00a1viva la Patria y que vivan los H\u00e9roes de Malvinas!<\/p>\n\n\n\n<p>En tanto, el presidente de la Federaci\u00f3n de Veteranos de Malvinas de Misiones, Elvio Castelnovo, resalt\u00f3 la lucha en las Islas durante los 74 d\u00edas de guerra y con escasos recursos, como tambi\u00e9n reivindic\u00f3 la figura de los ca\u00eddos en combate y sus familiares por los h\u00e9roes que siguen custodiando a nuestra patria.<\/p>\n\n\n\n<p>\u00ab<strong>Es imprescindible trabajar desde el Estado, toda la sociedad, en brindar a nuestros j\u00f3venes el conocimiento necesario de la importancia que tienen nuestras islas\u00bb, inst\u00f3 y como hace 40 a\u00f1os pidi\u00f3 \u00bb orientar los esfuerzos para obtener la posesi\u00f3n de las islas con el sustento suficiente para que sea de forma definitiva, empleando los recursos intelectuales, diplom\u00e1ticos<\/strong>\u00ab, entre otros y en protecci\u00f3n de la soberan\u00eda nacional y en honor a los misioneros, a los argentinos ca\u00eddos en combate.<\/p>\n\n\n\n<p>El homenaje cont\u00f3 con la participaci\u00f3n del vicegobernador, Carlos Arce; el intendente local, Oscar Kornoski; el ministro coordinador de Gabinete, Ricardo Wellbach acompa\u00f1ados por todos los ministros del Poder Ejecutivo; el diputado provincial Martin Cesino junto a sus pares de la C\u00e1mara de Representantes, autoridades locales, alcaldes de comunas vecinas, miembros de las Fuerzas de Seguridad tanto nacionales como provinciales y miembros de la comunidad educativa del municipio.<\/p>\n\n\n\n<p>Al finalizar el acto y en contacto con la prensa, el Gobernador manifest\u00f3 con claridad que se trat\u00f3 de \u00abun homenaje del pueblo de Misiones para los combatientes de Malvinas. Yo no habl\u00f3 de excombatientes, para m\u00ed son los combatientes de Malvinas, a quienes se debe el respeto del pueblo argentino como tambi\u00e9n de todas las comunidades del pueblo misionero\u201d.<\/p>\n\n\n\n<p><strong>Una fecha de reconocimiento y conmemoraci\u00f3n<\/strong><\/p>\n\n\n\n<p>El acto central fue seguido por un desfile c\u00edvico- militar al que la banda oficial del Ej\u00e9rcito le sum\u00f3 emoci\u00f3n. En este marco el Gobernador entreg\u00f3 una distinci\u00f3n honor\u00edfica instituida por la Ley provincial VI \u2013 N.\u00ba 288 a los excombatientes que estuvieron en las islas y a los ca\u00eddos en Malvinas. M\u00e1s de 150 soldados recibieron hoy en el acto un diploma aleg\u00f3rico a la recuperaci\u00f3n de las islas Malvinas, Georgias y S\u00e1ndwich del Sur en ocasi\u00f3n del cuadrag\u00e9simo aniversario de las acciones b\u00e9licas del 2 de abril al 14 de junio de 1982. Tambi\u00e9n, una medalla en cuyo frente se encuentra grabada la silueta de las islas Malvinas. Las distinciones llevan por leyenda \u00abEl Pueblo Misionero en Gratitud a los H\u00e9roes de Malvinas\u00bb.<\/p>\n","protected":false},"excerpt":{"rendered":"<p>En Jard\u00edn Am\u00e9rica, el Gobernador encabez\u00f3 el acto central del D\u00eda del Veterano y de<\/p>\n","protected":false},"author":1,"featured_media":26439,"comment_status":"open","ping_status":"open","sticky":false,"template":"","format":"standard","meta":{"footnotes":""},"categories":[1,229],"tags":[],"class_list":["post-26437","post","type-post","status-publish","format-standard","has-post-thumbnail","hentry","category-actualidad","category-provinciales"],"_links":{"self":[{"href":"https:\/\/actualizateiguazu.com\/v3\/wp-json\/wp\/v2\/posts\/26437","targetHints":{"allow":["GET"]}}],"collection":[{"href":"https:\/\/actualizateiguazu.com\/v3\/wp-json\/wp\/v2\/posts"}],"about":[{"href":"https:\/\/actualizateiguazu.com\/v3\/wp-json\/wp\/v2\/types\/post"}],"author":[{"embeddable":true,"href":"https:\/\/actualizateiguazu.com\/v3\/wp-json\/wp\/v2\/users\/1"}],"replies":[{"embeddable":true,"href":"https:\/\/actualizateiguazu.com\/v3\/wp-json\/wp\/v2\/comments?post=26437"}],"version-history":[{"count":1,"href":"https:\/\/actualizateiguazu.com\/v3\/wp-json\/wp\/v2\/posts\/26437\/revisions"}],"predecessor-version":[{"id":26440,"href":"https:\/\/actualizateiguazu.com\/v3\/wp-json\/wp\/v2\/posts\/26437\/revisions\/26440"}],"wp:featuredmedia":[{"embeddable":true,"href":"https:\/\/actualizateiguazu.com\/v3\/wp-json\/wp\/v2\/media\/26439"}],"wp:attachment":[{"href":"https:\/\/actualizateiguazu.com\/v3\/wp-json\/wp\/v2\/media?parent=26437"}],"wp:term":[{"taxonomy":"category","embeddable":true,"href":"https:\/\/actualizateiguazu.com\/v3\/wp-json\/wp\/v2\/categories?post=26437"},{"taxonomy":"post_tag","embeddable":true,"href":"https:\/\/actualizateiguazu.com\/v3\/wp-json\/wp\/v2\/tags?post=26437"}],"curies":[{"name":"wp","href":"https:\/\/api.w.org\/{rel}","templated":true}]}}