{"id":26467,"date":"2022-04-03T14:43:56","date_gmt":"2022-04-03T14:43:56","guid":{"rendered":"http:\/\/actualizateiguazu.com\/v3\/?p=26467"},"modified":"2022-04-03T14:47:27","modified_gmt":"2022-04-03T14:47:27","slug":"me-decia-que-para-ser-madre-tenia-que-sufrir-el-dolor-de-una-joven-cuyo-bebe-murio-horas-despues-del-parto","status":"publish","type":"post","link":"https:\/\/actualizateiguazu.com\/v3\/2022\/04\/03\/me-decia-que-para-ser-madre-tenia-que-sufrir-el-dolor-de-una-joven-cuyo-bebe-murio-horas-despues-del-parto\/","title":{"rendered":"\u00abMe dec\u00eda que para ser madre ten\u00eda que sufrir\u00bb, el dolor de una joven cuyo beb\u00e9 muri\u00f3 horas despu\u00e9s del parto"},"content":{"rendered":"\n<p>Sucedi\u00f3 en San Vicente. La familia responsabiliza a una cl\u00ednica privada donde estuvo nueve horas esperando para dar a luz hasta que decidieron derivarla a Ober\u00e1. <strong>El beb\u00e9 naci\u00f3 con complicaciones y muri\u00f3 en terapia intensiva. El beb\u00e9 muri\u00f3 pocas horas despu\u00e9s de haber nacido, por ces\u00e1rea, en el hospital Samic de Ober\u00e1, derivado desde San Vicente.<\/strong><\/p>\n\n\n\n<p>Yenifer Ben\u00edtez tiene 17 a\u00f1os y est\u00e1 atravesando los d\u00edas m\u00e1s dolorosos de su vida. Su hijo, <strong>el primero, a quien iba a llamar Tom\u00e1s Gael, muri\u00f3 poco m\u00e1s de 12 horas despu\u00e9s de una ces\u00e1rea de urgencia realizada en el hospital Samic de Ober\u00e1, y pese al esfuerzo de los m\u00e9dicos.<\/strong><\/p>\n\n\n\n<p>Est\u00e1 segura de que el deceso del reci\u00e9n nacido, que esperaba con mucho entusiasmo al igual que toda su familia, fue consecuencia de la presunta negligencia y falta de atenci\u00f3n adecuada en una cl\u00ednica privada de la localidad de San Vicente, de donde es oriunda, y a la cual acudi\u00f3 con contracciones -dijo- pero su m\u00e9dica decidi\u00f3 que no era tiempo.<\/p>\n\n\n\n<p>Detall\u00f3 que <strong>tuvo que esperar internada durante nueve horas, con intensos dolores y el constante maltrato de una enfermera hasta que -seg\u00fan ella- pese a los ruegos se negaron a hacerle una ces\u00e1rea para salvar la vida de su hijo y cuando notaron que la situaci\u00f3n se volvi\u00f3 riesgosa, la derivaron a Ober\u00e1, donde el beb\u00e9 naci\u00f3 pero con complicaciones graves que derivaron en el deceso<\/strong>.<\/p>\n\n\n\n<p>La joven decidi\u00f3 contar su caso y pedir justicia en un posteo su muro de Facebook y en los comentarios cosech\u00f3 mensajes de otras mujeres que atravesaron id\u00e9ntica situaci\u00f3n en la misma localidad, algunas en manos de la misma profesional y en raz\u00f3n de eso se sintieron motivadas para hacer p\u00fablicas sus experiencias, que las marcaron de por vida.<\/p>\n\n\n\n<p>Junto a su familia esta semana estar\u00edan presentando el caso en la justicia. \u00ab<strong>No queremos que ninguna mujer termine traumatizada, con sus hijos muertos al dar a luz. Existe tanta violencia con las embarazadas y m\u00e1s a\u00fan con las primerizas. Lo que sucedi\u00f3 marc\u00f3 a mi hija para siempre, tiene que haber responsables<\/strong>\u00ab, manifest\u00f3 Claudia de Brito, mam\u00e1 de Yenifer.<\/p>\n\n\n\n<p><strong>Nueve horas<\/strong><\/p>\n\n\n\n<p>En di\u00e1logo con El Territorio, Claudia cont\u00f3 que en la noche del 18 de marzo, su hija, que cursaba un embarazo de ocho meses, estando en la casa de la suegra se sinti\u00f3 mal. \u00ab<strong>Empez\u00f3 a tener contracciones y al llegar a la cl\u00ednica Clides fue recibida por dos enfermeras. Una de ellas, persona absolutamente inhumana, la trat\u00f3 mal desde el principio. Lleg\u00f3 destrozada por los dolores y la respuesta de esa enfermera fue &#8216;por qu\u00e9 grit\u00e1s, por qu\u00e9 haces estos berrinches, no sab\u00e9s lo que es un dolor de parto, no sab\u00e9s que para ser mam\u00e1 hay que sufrir&#8217; y la dej\u00f3 tirada en la camilla. Dec\u00eda que era un berrinche y mi hija rota de dolor, asustada. Al rato vino la doctora, la misma que la control\u00f3 durante todo el embarazo, y dijo que estaba bien, que no era tiempo de dar a luz todav\u00eda, dej\u00f3 indicaciones a la enfermera y se retir\u00f3. Pero mi hija segu\u00eda mal, no aguantaba m\u00e1s\u00bb<\/strong>.<\/p>\n\n\n\n<p>\u00abEstaba con dos de dilataci\u00f3n y la enfermera la maltrataba, le dec\u00eda que eran normales los dolores as\u00ed, que aguante, que para eso qued\u00f3 embarazada. Desde las 20 horas del viernes 18 hasta las 5 de la ma\u00f1ana del s\u00e1bado 19 sufriendo, le ped\u00edamos por favor que llamara a la doctora porque estaba en cuatro de dilataci\u00f3n pero no hicieron nada porque &#8216;la doctora ten\u00eda que descansar&#8217; mientras mi hija estaba perdiendo a su beb\u00e9\u00bb, lament\u00f3 entre l\u00e1grimas y a\u00f1adi\u00f3 que en ese contexto \u00ab<strong>les ofrecimos de todo para que le hagan una cesarea cuanto antes porque nos d\u00e1bamos cuenta de que mi hija y el beb\u00e9 estaban en peligro, ibamos a pagar, pero no quisieron porque dec\u00edan que no ten\u00edan incubadora para un beb\u00e9 prematuro. Reci\u00e9n a las 5 de la ma\u00f1ana, despu\u00e9s de nueve horas imposibles de soportar y de implorar para que llamen a la doctora, se ve que eso hicieron porque vino y decidi\u00f3 trasladarla hasta el Samic de Ober\u00e1<\/strong>\u00ab.<\/p>\n\n\n\n<p>Claudia relat\u00f3 que lleg\u00f3 al hospital Samic de Ober\u00e1 a las 10.30 y a las 11.30 naci\u00f3 Tom\u00e1s. \u00ab<strong>Tuvo un parto prematuro por ces\u00e1rea, de urgencia, pero si no fuera por tanta demora nada ser\u00eda como hoy. Mi nieto trag\u00f3 mucho l\u00edquido, eso le afect\u00f3 sus pulmones, su corazoncito. Estuvo algunas horas en terapia intensiva pero no aguant\u00f3. Los doctores de Ober\u00e1 hicieron lo que pudieron pero muri\u00f3, no se pudo hacer nada y estamos desconsolados<\/strong>\u00ab.<\/p>\n\n\n\n<p>\u00abLo que resta ahora es pedir justicia y que se termine ese matadero de personas que ya da\u00f1\u00f3 a tantas madres, a tantas hijas, que dej\u00f3 abuelos destrozados. No saben como duele, como madre, ver a mi hija llorando, sin consuelo, tratando de salir adelante sin su beb\u00e9, al que esperamos con todas las ilusiones\u00bb, lament\u00f3 entre l\u00e1grimas.<\/p>\n\n\n\n<p><strong>Preguntas sin respuestas<\/strong><\/p>\n\n\n\n<p>En otro tramo de la charla con este matutino intervino Yesica y se pregunt\u00f3 \u00ab\u00bfPor qu\u00e9 se les ocurri\u00f3 esperar tanto?<strong> Mi beb\u00e9 estaba sanito, yo le hablaba y se mov\u00eda en mi panza, no hab\u00eda forma de que algo salga mal porque durante los controles que me hac\u00eda no detectaron nada fuera de lugar. Por eso digo que si hac\u00edan las cosas bien, ahora iba a estar cuidando a mi hijo, no sufriendo con este enorme dolor y vac\u00edo que siento<\/strong>\u00ab.<\/p>\n\n\n\n<p>En ese contexto, en llanto record\u00f3 que \u00abla enfermera que solo me maltrataba dijo que le llam\u00f3 a la doctora durante la madrugada, cuando yo no pod\u00eda estar de dolor, pero en todas esas horas la doctora nunca lleg\u00f3\u00bb y se pregunt\u00f3: \u00bfLlam\u00f3 realmente o minti\u00f3 que lo hizo?\u00bb.<\/p>\n\n\n\n<p>\u00ab<strong>Necesito que se sepa esto, y que se haga justicia para mi bebito, que con tantas ilusiones esperaba. Ni siquiera pude verlo porque estaba internada cuando me dijeron que falleci\u00f3 en terapia intensiva. En Ober\u00e1 los m\u00e9dicos me atendieron con mucha paciencia, con amor y les estoy agradecida, pero lamentablemente no pudieron salvarlo<\/strong>\u00ab, cerr\u00f3 la joven.<\/p>\n\n\n\n<p>Sobre el final de la entrevista, nuevamente tom\u00f3 la palabra Claudia, y dijo que \u00abme duele en el alma eso que le dijeron, que ten\u00eda que sufrir para ser madre y al final terminaron provocando la muerte de mi nieto. No se lo deseo a nadie, hay que hacer algo para que no exista m\u00e1s la violencia obst\u00e9trica en ning\u00fan \u00e1mbito y con eso evitar el sufrimiento de tantas mujeres que terminan viviendo un infierno cuando el nacimiento de un hijo es motivo de felicidad. No es justo\u00bb.<\/p>\n\n\n\n<p>Fuente: El territorio<\/p>\n","protected":false},"excerpt":{"rendered":"<p>Sucedi\u00f3 en San Vicente. La familia responsabiliza a una cl\u00ednica privada donde estuvo nueve horas<\/p>\n","protected":false},"author":1,"featured_media":26468,"comment_status":"open","ping_status":"open","sticky":false,"template":"","format":"standard","meta":{"footnotes":""},"categories":[1,229],"tags":[],"class_list":["post-26467","post","type-post","status-publish","format-standard","has-post-thumbnail","hentry","category-actualidad","category-provinciales"],"_links":{"self":[{"href":"https:\/\/actualizateiguazu.com\/v3\/wp-json\/wp\/v2\/posts\/26467","targetHints":{"allow":["GET"]}}],"collection":[{"href":"https:\/\/actualizateiguazu.com\/v3\/wp-json\/wp\/v2\/posts"}],"about":[{"href":"https:\/\/actualizateiguazu.com\/v3\/wp-json\/wp\/v2\/types\/post"}],"author":[{"embeddable":true,"href":"https:\/\/actualizateiguazu.com\/v3\/wp-json\/wp\/v2\/users\/1"}],"replies":[{"embeddable":true,"href":"https:\/\/actualizateiguazu.com\/v3\/wp-json\/wp\/v2\/comments?post=26467"}],"version-history":[{"count":1,"href":"https:\/\/actualizateiguazu.com\/v3\/wp-json\/wp\/v2\/posts\/26467\/revisions"}],"predecessor-version":[{"id":26469,"href":"https:\/\/actualizateiguazu.com\/v3\/wp-json\/wp\/v2\/posts\/26467\/revisions\/26469"}],"wp:featuredmedia":[{"embeddable":true,"href":"https:\/\/actualizateiguazu.com\/v3\/wp-json\/wp\/v2\/media\/26468"}],"wp:attachment":[{"href":"https:\/\/actualizateiguazu.com\/v3\/wp-json\/wp\/v2\/media?parent=26467"}],"wp:term":[{"taxonomy":"category","embeddable":true,"href":"https:\/\/actualizateiguazu.com\/v3\/wp-json\/wp\/v2\/categories?post=26467"},{"taxonomy":"post_tag","embeddable":true,"href":"https:\/\/actualizateiguazu.com\/v3\/wp-json\/wp\/v2\/tags?post=26467"}],"curies":[{"name":"wp","href":"https:\/\/api.w.org\/{rel}","templated":true}]}}