{"id":26527,"date":"2022-04-06T01:23:20","date_gmt":"2022-04-06T01:23:20","guid":{"rendered":"http:\/\/actualizateiguazu.com\/v3\/?p=26527"},"modified":"2022-04-06T01:23:24","modified_gmt":"2022-04-06T01:23:24","slug":"puerto-esperanza-se-prepara-para-la-4-edicion-del-festival-provincial-de-las-artes","status":"publish","type":"post","link":"https:\/\/actualizateiguazu.com\/v3\/2022\/04\/06\/puerto-esperanza-se-prepara-para-la-4-edicion-del-festival-provincial-de-las-artes\/","title":{"rendered":"Puerto Esperanza se prepara para la 4\u00b0 edici\u00f3n del Festival Provincial de las Artes"},"content":{"rendered":"\n<p><strong>El evento se llevar\u00e1 a cabo el s\u00e1bado 9 y domingo 10 de abril, en el Parque de la Salud local, y contar\u00e1 con la participaci\u00f3n de m\u00e1s de 100 artistas de la regi\u00f3n y pa\u00edses lim\u00edtrofes.<\/strong><\/p>\n\n\n\n<p>El festival \u00abArte en la Naturaleza\u201d, que desde el 2018 convoca a pintores, escultores, bailarines y dem\u00e1s profesionales de toda la regi\u00f3n, propone este a\u00f1o recibir a sus visitantes con una oferta diferente, integrando el arte en todas sus expresiones, para ser disfrutado con todos los sentidos.<\/p>\n\n\n\n<p>\u00ab<strong>Hay grandes expectativas en torno a este festival, que viene creciendo a\u00f1o tras a\u00f1o. Esta edici\u00f3n se desarrollar\u00e1 pocos d\u00edas antes de Semana Santa, por lo que esperamos una significativa convocatoria<\/strong>\u00ab, destac\u00f3 el ministro de Turismo, Jos\u00e9 Mar\u00eda Arr\u00faa, durante la conferencia de presentaci\u00f3n realizada este lunes.<\/p>\n\n\n\n<p>En tanto que la secretaria de Turismo del municipio, Dahiana Buss, coment\u00f3 que \u00ab<strong>el festival est\u00e1 pensado para disfrutar en familia. Habr\u00e1 talleres durante todo el d\u00eda, shows, ofertas gastron\u00f3micas, artesan\u00edas. La propuesta es muy variada y se podr\u00e1 experimentar un mont\u00f3n de cosas<\/strong>\u00bb y agreg\u00f3 que \u00abla familia puede ir tranquila porque se va a encontrar en el lugar con todo lo necesario para pasarla bien\u201d.<\/p>\n\n\n\n<p>Por su parte, Sabina Buss, organizadora del evento, se refiri\u00f3 a los detalles del festival, destacando la presencia de una importante y plural variedad de artistas, entre los que se destacar\u00e1n escultores, muralistas trabajando en vivo, pintura, body paint, m\u00fasica, teatro, circo, telas, entre otros.<\/p>\n\n\n\n<p>\u00ab<strong>Todo el montaje estar\u00e1 dispuesto en el polideportivo para que la gente pueda ir y vivir una experiencia completa. El lugar es cerrado, y est\u00e1 todo previsto para que sea una linda experiencia, y que no se suspenda por eventuales inclemencias del tiempo<\/strong>\u00ab, cerr\u00f3.<\/p>\n","protected":false},"excerpt":{"rendered":"<p>El evento se llevar\u00e1 a cabo el s\u00e1bado 9 y domingo 10 de abril, en<\/p>\n","protected":false},"author":1,"featured_media":26528,"comment_status":"open","ping_status":"open","sticky":false,"template":"","format":"standard","meta":{"footnotes":""},"categories":[1,226,234],"tags":[],"class_list":["post-26527","post","type-post","status-publish","format-standard","has-post-thumbnail","hentry","category-actualidad","category-locales","category-turismo"],"_links":{"self":[{"href":"https:\/\/actualizateiguazu.com\/v3\/wp-json\/wp\/v2\/posts\/26527","targetHints":{"allow":["GET"]}}],"collection":[{"href":"https:\/\/actualizateiguazu.com\/v3\/wp-json\/wp\/v2\/posts"}],"about":[{"href":"https:\/\/actualizateiguazu.com\/v3\/wp-json\/wp\/v2\/types\/post"}],"author":[{"embeddable":true,"href":"https:\/\/actualizateiguazu.com\/v3\/wp-json\/wp\/v2\/users\/1"}],"replies":[{"embeddable":true,"href":"https:\/\/actualizateiguazu.com\/v3\/wp-json\/wp\/v2\/comments?post=26527"}],"version-history":[{"count":1,"href":"https:\/\/actualizateiguazu.com\/v3\/wp-json\/wp\/v2\/posts\/26527\/revisions"}],"predecessor-version":[{"id":26529,"href":"https:\/\/actualizateiguazu.com\/v3\/wp-json\/wp\/v2\/posts\/26527\/revisions\/26529"}],"wp:featuredmedia":[{"embeddable":true,"href":"https:\/\/actualizateiguazu.com\/v3\/wp-json\/wp\/v2\/media\/26528"}],"wp:attachment":[{"href":"https:\/\/actualizateiguazu.com\/v3\/wp-json\/wp\/v2\/media?parent=26527"}],"wp:term":[{"taxonomy":"category","embeddable":true,"href":"https:\/\/actualizateiguazu.com\/v3\/wp-json\/wp\/v2\/categories?post=26527"},{"taxonomy":"post_tag","embeddable":true,"href":"https:\/\/actualizateiguazu.com\/v3\/wp-json\/wp\/v2\/tags?post=26527"}],"curies":[{"name":"wp","href":"https:\/\/api.w.org\/{rel}","templated":true}]}}